{"id":17061,"date":"2024-11-12T21:53:57","date_gmt":"2024-11-12T21:53:57","guid":{"rendered":"https:\/\/avukathht.com\/?p=17061"},"modified":"2025-11-12T17:11:57","modified_gmt":"2025-11-12T17:11:57","slug":"iltica-edenler-zulmu-nasil-ispat-edebilir","status":"publish","type":"post","link":"https:\/\/avukathht.com\/en\/2024\/11\/iltica-edenler-zulmu-nasil-ispat-edebilir\/","title":{"rendered":"iLT\u0130CA EDENLER ZULM\u00dc NASIL \u0130SPAT EDEB\u0130L\u0130R?"},"content":{"rendered":"<p><strong>ZUL\u00dcMDEN KA\u00c7MA VE ZUL\u00dcM DEVAM ETT\u0130\u011e\u0130 \u0130\u00c7\u0130N GER\u0130 D\u00d6NEMEME<\/strong><\/p>\n\n\n\n<p>\u0130ltica hukukunda <strong>&#8220;zul\u00fcm&#8221;<\/strong> kavram\u0131, ki\u015finin devlet veya devlet d\u0131\u015f\u0131 akt\u00f6rler taraf\u0131ndan hedef al\u0131nmas\u0131 sonucunda ciddi zarar veya hak ihlalleriyle kar\u015f\u0131 kar\u015f\u0131ya kalmas\u0131 durumunu ifade eder. <strong>Zul\u00fcm, bir ki\u015finin ya\u015fam\u0131n\u0131, \u00f6zg\u00fcrl\u00fc\u011f\u00fcn\u00fc veya temel insan haklar\u0131n\u0131 tehdit eden eylemleri kapsar<\/strong> ve bu t\u00fcr durumlar uluslararas\u0131 koruma, yani iltica talebinde bulunma hakk\u0131n\u0131 do\u011furabilir.<\/p>\n\n\n\n<p>Zul\u00fcm kavram\u0131, <strong>1951 Cenevre S\u00f6zle\u015fmesi<\/strong> ve ilgili protokoller ile \u015fekillendirilmi\u015ftir ve \u00fclkeden \u00fclkeye farkl\u0131 yorumlanabilse de genel olarak belirli unsurlara dayan\u0131r. <strong>Zul\u00fcm gerek\u00e7eleri aras\u0131nda \u0131rk, din, milliyet, belirli bir sosyal gruba mensubiyet veya siyasi g\u00f6r\u00fc\u015f<\/strong> yer al\u0131r.<\/p>\n\n\n\n<p><strong>Yerle\u015fik i\u00e7tihatlarda bir durumun &#8220;zul\u00fcm&#8221; say\u0131labilmesi i\u00e7in genel hatlar\u0131 ile &nbsp;\u015fu hususlar\u0131n dikkate al\u0131nd\u0131\u011f\u0131 g\u00f6r\u00fclmektedir;<\/strong><\/p>\n\n\n\n<ul class=\"wp-block-list\">\n<li><strong>Ki\u015fiye y\u00f6nelik tehdit ve ihlallerinin ciddi d\u00fczeyde olmas\u0131 (\u00f6rne\u011fin,h\u00fcrriyeti tahdit, \u00f6l\u00fcm tehlikesi, i\u015fkence veya k\u00f6t\u00fc muamele).<\/strong><\/li>\n\n\n\n<li><strong>\u0130hlallerin sistematik ya da s\u00fcrekli olmas\u0131, tek bir olay\u0131n \u00f6tesine ge\u00e7mesi.<\/strong><\/li>\n\n\n\n<li><strong>Devletin do\u011frudan bu zulm\u00fc uygulamas\u0131 ya da devletin bu zulme kar\u015f\u0131 ki\u015fiyi koruyamamas\u0131.<\/strong><\/li>\n\n\n\n<li><strong>\u00a0Ki\u015fiye y\u00f6nelik temel insani haklar\u0131n\u0131n\u00a0 ciddi anlamda ihlal edilmi\u015f olmas\u0131 (Seyehat hakk\u0131,\u00e7al\u0131\u015fma hakk\u0131,e\u011fitim hakk\u0131 v.b haklar\u0131n k\u0131s\u0131tlanm\u0131\u015f olmas\u0131 )<\/strong><\/li>\n\n\n\n<li><strong>Ki\u015finin; \u0131rk, din, milliyet, belirli bir sosyal gruba mensubiyet veya siyasi g\u00f6r\u00fc\u015f nedeni ile \u015fahsen ma\u011fdur edilmi\u015f olmas\u0131 yada ma\u011fdur edilme ihtimalinin\u00a0 y\u00fcksek olmas\u0131 .<\/strong><\/li>\n<\/ul>\n\n\n\n<p>Bu kapsamda zulme u\u011frayan yada zulme u\u011frama &nbsp;riski olan bir ki\u015fi, ba\u015fka bir \u00fclkede koruma talep ederek iltica ba\u015fvurusu yapabilir.Ancak bu ba\u015fvuru s\u00fcrecinde zulumden ka\u00e7t\u0131\u011f\u0131n\u0131 ve devam eden bu zulum nedeni ile \u00fclkesine d\u00f6nemedi\u011fini a\u00e7\u0131k\u00e7a ispatlamas\u0131 gerek\u00e7ektedir.<\/p>\n\n\n\n<p><strong>\u0130ltica eden ki\u015fi zul\u00fcmden ka\u00e7t\u0131\u011f\u0131n\u0131 veya zulm\u00fcn devam etmesi&nbsp; nedeni ile \u00fclkesine geri d\u00f6nemedi\u011fini nas\u0131l ispat edebilir?<\/strong><\/p>\n\n\n\n<p>\u00d6ncelikle belirtmek gerekir ki iltica hukukunda her ki\u015finin dosyas\u0131 \u00f6zeldir. Yani ayn\u0131 gruba mensup&nbsp; olan iki ki\u015fi hakk\u0131nda farkl\u0131 kararlar verilebilir. Burada \u00f6nemli olan ki\u015finin ma\u011fduriyetini ispatta kulland\u0131\u011f\u0131 belge ve deliller ile ya\u015fad\u0131\u011f\u0131 s\u00fcre\u00e7lerin do\u011fru anlat\u0131lmas\u0131d\u0131r.<\/p>\n\n\n\n<p><strong>Mutlak Zul\u00fcm Karinesi &nbsp;<\/strong><\/p>\n\n\n\n<p>Bir\u00e7ok AB \u00fclkesinin g\u00f6\u00e7 ve g\u00f6\u00e7menlerden sorumlu kurumlar\u0131 (Hollanda\u2019da IND veya Almanya\u2019da BAMF gibi) temelde ki\u015finin mensup oldu\u011fu gruba ait ma\u011fduriyetlerinden ziyade ki\u015finin do\u011frudan u\u011frad\u0131\u011f\u0131 zulm\u00fc dikkate almaktad\u0131r. Bunun ispat\u0131n\u0131 da ki\u015finin yapmas\u0131n\u0131 beklemektedir. &nbsp;<\/p>\n\n\n\n<p>\u0130ltica eden ki\u015fi;<\/p>\n\n\n\n<p>&#8211; Sava\u015f,i\u015f sava\u015f &nbsp;veya herkesce kabul edilen soyk\u0131r\u0131m uygulamalar\u0131n\u0131n uyguland\u0131\u011f\u0131 bir \u00fclkeden geliyor ise,<\/p>\n\n\n\n<p>-Uluslararas\u0131 Mahkeme ve kurumlar\u0131n&nbsp; verdi\u011fi insan haklar\u0131 ihlalleri&nbsp; kararlar\u0131n\u0131 tan\u0131mayan, Adil yarg\u0131lanma hakk\u0131 ortadan kalkm\u0131\u015f, Yarg\u0131 kurumlar\u0131 iktidarlar\u0131n emri ile hareket eder, cezaevlerinde a\u011f\u0131r insan haklar\u0131 ihlalleri uluslararas\u0131 raporlara ge\u00e7mi\u015f bir \u00fclkeden geliyor ise,&nbsp;<\/p>\n\n\n\n<p>(Uluslararas\u0131 kararlar ve&nbsp; raporlar ile ispat edilebilir.)<\/p>\n\n\n\n<p>-Hakk\u0131nda a\u00e7\u0131lm\u0131\u015f savc\u0131l\u0131k dosyas\u0131 yada devam eden yarg\u0131lamalar\u0131 nedeni ile h\u00fcrriyeti tahdit edilmi\u015f veya edilme ihtimali kuvvetli ise<\/p>\n\n\n\n<p>(Mahkeme evraklar\u0131 veya avukat beyanlar\u0131 ile ispat edilebilir.)<\/p>\n\n\n\n<p>-Devlet yada devletin kontrol edemedi\u011fi illegal yap\u0131lar taraf\u0131ndan aran\u0131yor yada ka\u00e7\u0131r\u0131lma riski nedeni ile s\u00fcrekli saklanmak zorunda kal\u0131yor ise<\/p>\n\n\n\n<p>(Haber metinleri v.b belgeler ile ispat edilebilir.)<\/p>\n\n\n\n<p>-En temek insani haklar\u0131ndan yararlanmas\u0131 devlet taraf\u0131ndan konulan tahditler nedeni ile engelleniyor ise ( pasaport tahdidi v.b)<\/p>\n\n\n\n<p>(Resmi kay\u0131tlar ile ispat edilebilir.)<\/p>\n\n\n\n<p>-Devlet dairelerinde memur olarak \u00e7al\u0131\u015f\u0131rken Kanun veya kanun H\u00fckm\u00fcnde kararlar ile yarg\u0131lam yap\u0131lmaks\u0131z\u0131n su\u00e7lu kabul edilerek memuriyetinden at\u0131lma gibi uygulamalar ile \u00e7al\u0131\u015fma hakk\u0131 engelleniyor ise<\/p>\n\n\n\n<p>(KHK listeleri ile ispat edilebilir.)<\/p>\n\n\n\n<p>-\u0130ktidar\u0131 veya muhalif g\u00f6r\u00fcnen kesimlerin \u00e7o\u011fu taraf\u0131ndan \u00f6tekile\u015ftirilmi\u015f bir gruba mensup oldu\u011fu i\u00e7in kendisi de do\u011frudan etkileniyor ise<\/p>\n\n\n\n<p>(Haber metinleri ve raporlar ile ispat edilebilir.)<\/p>\n\n\n\n<p>&nbsp;-U\u011frad\u0131\u011f\u0131 zul\u00fcm nedeni ile ya\u015fayabilmek i\u00e7in ka\u00e7mak d\u0131\u015f\u0131nda bir yol bulamay\u0131p&nbsp; vize al\u0131p do\u011frudan gelmemi\u015f&nbsp; yada hayat\u0131n\u0131 tehlikeye atarak ka\u00e7ak ve illegal yollardan gelmek zorunda kalm\u0131\u015f ise<\/p>\n\n\n\n<p>(Yutd\u0131\u011f\u0131 \u00e7\u0131k\u0131\u015f kay\u0131tlar\u0131 , beyan ve sahte evrak resimleri v.b belgeler ile ispat edilebilir.)<\/p>\n\n\n\n<p><strong>Mutlak zul\u00fcm neden ile ka\u00e7t\u0131\u011f\u0131 karinesi kuvveti ihtimaldir.<\/strong><\/p>\n\n\n\n<p><strong>Nispi Zul\u00fcm karinesi<\/strong><\/p>\n\n\n\n<p>Bu ihtimallerin bir k\u0131sm\u0131ndan do\u011frudan de\u011filde dolal\u0131 olarak etkilenen&nbsp; veya etkilenme ihtimali olan ki\u015filerin durumlar\u0131 ise ayr\u0131 ayr\u0131 de\u011ferlendirilmesi gerekir.<\/p>\n\n\n\n<p>&nbsp;<strong>Anne ve babas\u0131n\u0131n durumlar\u0131 nedeni ile gelip iltica etmek &nbsp;zorunda kalan \u00e7ocuklar &nbsp;bunun en somut \u00f6rnekleridir.<\/strong><\/p>\n\n\n\n<p>Bu durumda olan ki\u015filer genelde haklar\u0131nda somut bir tehdit, tahdit veya&nbsp;&nbsp; yarg\u0131lama olmayan ve bu nedenle de ka\u00e7mak zorunda kalmadan&nbsp; vize alarak do\u011frudan gelebilen ki\u015filerdir.<\/p>\n\n\n\n<p><strong>Bu ki\u015filer ortak sorunu; aileleri nedeni ile toplumdan \u00f6tekile\u015ftirilmi\u015f olmalar\u0131 ve&nbsp; \u00fclkelerinde adalete olan g\u00fcven kalmad\u0131\u011f\u0131 i\u00e7in gelecek umutlar\u0131n\u0131n kalmam\u0131\u015f olmas\u0131d\u0131r.<\/strong><\/p>\n\n\n\n<p>Bu ki\u015filerin geldikleri \u00fclkede ;<\/p>\n\n\n\n<p>-Cezaevinde bulunan anne ve babalar\u0131n\u0131n s\u0131rf i\u015fkence olsun diye \u00e7ocuklar\u0131 \u00fczerinden tehdit edilme hadiseleri var ise<\/p>\n\n\n\n<p>(Haber metinleri ile ispatlanabilir)<\/p>\n\n\n\n<p>-Anne ve Baban\u0131n KHK v.b kararlar ile memuriyetten at\u0131lmalar\u0131 nedeni ile toplumdan \u00f6tekile\u015ftirildi\u011fine dair somut vak\u0131alar ya\u015fan\u0131yor ise<\/p>\n\n\n\n<p>(Haber metinleri ile ispatlanabilir)<\/p>\n\n\n\n<p>-\u00c7ocuklar\u0131n okuduklar\u0131 okullar devlet zoru ile kapat\u0131lm\u0131\u015f ve bu okullarda okuduklar\u0131 i\u00e7in k\u00fc\u00e7\u00fck ya\u015fta bu \u00e7ocuklar da fi\u015flenmi\u015f ise<\/p>\n\n\n\n<p>( Haber metinleri ve diploma kay\u0131tlar\u0131v.b belgeler ile ispatlanabilir)<\/p>\n\n\n\n<p>-Mensup oldu\u011fu millet yada grup, iktidar yetkilileri veya taraftarlar\u0131 taraf\u0131ndan medya ve benzeri yerlerde s\u00fcrekli a\u015fa\u011f\u0131lanmaya devam ediyor ise,<\/p>\n\n\n\n<p>(Haber metinleri ile ispatlanabilir)<\/p>\n\n\n\n<p>-Re\u015fit oldu\u011fu halde s\u0131rf aidiyeti nedeni ile devlet kurumlar\u0131 veya \u00f6zel sekt\u00f6rde i\u015f bulma veya ya\u015fama imkanlar\u0131 ellinden al\u0131n\u0131yor ise,<\/p>\n\n\n\n<p>(Haber metinleri ile ispatlanabilir.)<\/p>\n\n\n\n<p>-Ailelerinin ya\u015fad\u0131klar\u0131&nbsp; g\u00f6zalt\u0131,yaklama,cezaevi s\u00fcre\u00e7leri v.b zulum s\u00fcreclerinin i\u00e7inde b\u00fcy\u00fcmeleri nedeni ile piskolojik olarak y\u0131k\u0131ma u\u011frama ihtimalleri kuvvetli ise&nbsp; ,<\/p>\n\n\n\n<p><strong>Ki\u015finin nispi zul\u00fcm nedeni ile ka\u00e7t\u0131\u011f\u0131 karinesi kuvvetlidir.<\/strong><\/p>\n\n\n\n<p>\u0130ltica eden ki\u015fi kendi durumunun mutlak yada nispi zul\u00fcm kapsam\u0131nda olup olmad\u0131\u011f\u0131n\u0131 de\u011ferlendirmeli ve belge ve delliller ile zulme u\u011frad\u0131\u011f\u0131n\u0131 ispat etmelidir. &nbsp;&nbsp;&nbsp;&nbsp;&nbsp;<\/p>\n\n\n\n<p>\u0130ltica eden ki\u015fi \u015fayet zul\u00fcmden ka\u00e7t\u0131\u011f\u0131n\u0131 ispat noktas\u0131nda yeterli delile sahip de\u011fil ise en az\u0131ndan \u00fclkesine d\u00f6nmesi halinde zulme u\u011frayabilece\u011fini ispatlamal\u0131d\u0131r. Zira <strong>m\u00fclteci ayn\u0131 zamanda zulum devam etti\u011fi i\u00e7in \u00fclkesine d\u00f6nemeyen kimsedir.<\/strong><\/p>\n\n\n\n<p><strong>Zulum devam etti\u011fi i\u00e7in \u00dclkesine D\u00f6nememenin ispat\u0131nda <\/strong>en \u00f6nemli delil uluslararas\u0131 raporlard\u0131r. BM veya AB Konseyinin yada iltica edilen \u00fclkenin resmi makamlar\u0131n\u0131n haz\u0131rlad\u0131\u011f\u0131 raporlar gelinen \u00fclkedeki zulm\u00fcn devam edip etmedi\u011finin a\u00e7\u0131k ispat\u0131d\u0131r. Ayr\u0131ca gelinen \u00fclkedeki&nbsp; medya kurulu\u015flar\u0131n\u0131n haber ve yorum metinleri de&nbsp; zulmun devam edip etmedi\u011fine delil olarak kullan\u0131labilir.<\/p>\n\n\n\n<p>\u0130ltica edilen \u00fclkedeki yerel Sivil Toplum Kurulu\u015flar\u0131n\u0131n d\u00fczenledi\u011fi raporlar kaynak g\u00f6sterilerek savunma yap\u0131labilir.<\/p>\n\n\n\n<p><strong>Sonu\u00e7 olarak ispat y\u00fck\u00fcn\u00fcn iltica eden ki\u015fiye b\u0131rak\u0131ld\u0131\u011f\u0131 \u00fclkelerde (Hollanda yak\u0131n zamanda politka de\u011fi\u015fikli\u011fi ile bu kapsamdad\u0131r) iltica eden ki\u015finin kendini savunmas\u0131 ve ama m\u00fclakata ciddi olarak haz\u0131rlanmas\u0131 gerekmektedir. Bunu yaparken mutlaka iltica hukukunu bilen uzman ki\u015fi ve avukatlardan destek almas\u0131 tavsiye edilir. Uzun iltica s\u00fcre\u00e7leri ve red karar\u0131 halinde uzun yarg\u0131lama ve deport s\u00fcre\u00e7leri dikkate al\u0131nd\u0131\u011f\u0131nda c\u00fczi masraflar yaparak daha kuvveti savunmalar haz\u0131rlamak ak\u0131ll\u0131ca bir yol olacakt\u0131r.<\/strong><\/p>\n\n\n\n<p><strong>Sayg\u0131lar\u0131m\u0131zla<\/strong><\/p>\n\n\n\n<p><strong>Avukathht Dan\u015fmanl\u0131k<\/strong><\/p>","protected":false},"excerpt":{"rendered":"<p>ZUL\u00dcMDEN KA\u00c7MA VE ZUL\u00dcM DEVAM ETT\u0130\u011e\u0130 \u0130\u00c7\u0130N GER\u0130 D\u00d6NEMEME \u0130ltica hukukunda &#8220;zul\u00fcm&#8221; kavram\u0131, ki\u015finin devlet veya devlet d\u0131\u015f\u0131 akt\u00f6rler taraf\u0131ndan<\/p>","protected":false},"author":1,"featured_media":17052,"comment_status":"open","ping_status":"open","sticky":false,"template":"","format":"standard","meta":{"_coblocks_attr":"","_coblocks_dimensions":"","_coblocks_responsive_height":"","_coblocks_accordion_ie_support":"","footnotes":""},"categories":[83,77,76],"tags":[],"class_list":["post-17061","post","type-post","status-publish","format-standard","has-post-thumbnail","hentry","category-mesleki-makaleler","category-hukuki-danismanlik","category-iltica-hukuku"],"_links":{"self":[{"href":"https:\/\/avukathht.com\/en\/wp-json\/wp\/v2\/posts\/17061","targetHints":{"allow":["GET"]}}],"collection":[{"href":"https:\/\/avukathht.com\/en\/wp-json\/wp\/v2\/posts"}],"about":[{"href":"https:\/\/avukathht.com\/en\/wp-json\/wp\/v2\/types\/post"}],"author":[{"embeddable":true,"href":"https:\/\/avukathht.com\/en\/wp-json\/wp\/v2\/users\/1"}],"replies":[{"embeddable":true,"href":"https:\/\/avukathht.com\/en\/wp-json\/wp\/v2\/comments?post=17061"}],"version-history":[{"count":1,"href":"https:\/\/avukathht.com\/en\/wp-json\/wp\/v2\/posts\/17061\/revisions"}],"predecessor-version":[{"id":17063,"href":"https:\/\/avukathht.com\/en\/wp-json\/wp\/v2\/posts\/17061\/revisions\/17063"}],"wp:featuredmedia":[{"embeddable":true,"href":"https:\/\/avukathht.com\/en\/wp-json\/wp\/v2\/media\/17052"}],"wp:attachment":[{"href":"https:\/\/avukathht.com\/en\/wp-json\/wp\/v2\/media?parent=17061"}],"wp:term":[{"taxonomy":"category","embeddable":true,"href":"https:\/\/avukathht.com\/en\/wp-json\/wp\/v2\/categories?post=17061"},{"taxonomy":"post_tag","embeddable":true,"href":"https:\/\/avukathht.com\/en\/wp-json\/wp\/v2\/tags?post=17061"}],"curies":[{"name":"wp","href":"https:\/\/api.w.org\/{rel}","templated":true}]}}