{"id":17069,"date":"2024-11-21T14:26:47","date_gmt":"2024-11-21T14:26:47","guid":{"rendered":"https:\/\/avukathht.com\/?p=17069"},"modified":"2025-11-12T17:10:13","modified_gmt":"2025-11-12T17:10:13","slug":"umut-verici-bir-karar-bakanlik-politikasini-tekrar-gozden-gecirmeli","status":"publish","type":"post","link":"https:\/\/avukathht.com\/en\/2024\/11\/umut-verici-bir-karar-bakanlik-politikasini-tekrar-gozden-gecirmeli\/","title":{"rendered":"UMUT VER\u0130C\u0130 B\u0130R KARAR \u201cBAKANLIK POL\u0130T\u0130KASINI TEKRAR G\u00d6ZDEN GE\u00c7\u0130RMEL\u0130\u201d"},"content":{"rendered":"<p>12 \u015eubat 2024 tarihli \u201c<strong>POL\u0130T\u0130KALAR DE\u011e\u0130\u015eSEDE GER\u00c7EKLER DE\u011e\u0130\u015eM\u0130YOR\u201d&nbsp; <\/strong>ba\u015fl\u0131kl\u0131 makalemizde; Hollanda Adalet ve G\u00fcvenlik Bakanl\u0131\u011f\u0131n\u0131n, Hollandaya iltica eden Hizmet Hareketi mensubu ki\u015filere y\u00f6nelik politika de\u011fi\u015fikli\u011finin ger\u00e7ekler ile ba\u011fda\u015fmad\u0131\u011f\u0131n\u0131, T\u00fcrkiyede \u00f6tekile\u015ftirilen ve top yek\u00fcn zulme u\u011frayan bu insanlara y\u00f6nelik zulm\u00fcn azalmad\u0131\u011f\u0131n\u0131 ayr\u0131nt\u0131lar\u0131 ile izah etmi\u015ftik.<\/p>\n\n\n\n<p>Makalemizin sonu\u00e7 k\u0131sm\u0131nda \u201cUmar\u0131z Hollanda Adalet ve G\u00fcvenlik Bakanl\u0131\u011f\u0131 bu politika de\u011fi\u015fikli\u011fini tekrar g\u00f6zden ge\u00e7irir ve uygulamaz. Zira bu hali ile de\u011ferlendirme yapacak olur ise hali haz\u0131rda uzun s\u00fcredir kamplarda kalan binlerce insan ma\u011fdur olmaya devam edecektir.\u201d diyerek&nbsp; Hollanda adaletine olan inanc\u0131m\u0131z\u0131 belirtmi\u015ftir.<\/p>\n\n\n\n<p>Ge\u00e7en sekiz ay s\u00fcresince&nbsp; Bakanl\u0131k bu karar\u0131nda \u0131srar ederek politika de\u011fi\u015fikli\u011fini maalesef sert bir \u015fekilde uygulamaya koydu ve T\u00fcrkiye\u2019de zul\u00fcm azalm\u0131\u015f gibi de\u011ferlendirerek uzun s\u00fcredir kamplarda bekleyen ma\u011fdur insan hakk\u0131nda red kararlar\u0131 vermeye ba\u015flad\u0131. Bakanl\u0131k&nbsp; 1 Temmuz 2024 de yay\u0131nlad\u0131\u011f\u0131 ve uygulamaya koydu\u011fu yeni \u00e7al\u0131\u015fma talimat\u0131 ile politka de\u011fi\u015fikli\u011fini daha da sertle\u015ftirerek bizce haks\u0131z politkas\u0131n\u0131 uygulamaya devam ediyor.&nbsp;&nbsp;&nbsp;<\/p>\n\n\n\n<p>Bu red kararlar\u0131 do\u011fal olarak mahkemelere ta\u015f\u0131nd\u0131. \u0130ltica ba\u015fvurusundan olumsuz karar alan ki\u015filerin kararlar\u0131 Mahkemeler taraf\u0131ndan bozulmakta, baz\u0131lar\u0131 ise onanmaktad\u0131r. Bir \u00e7ok dosya ise incelemeyi beklemektedir. Aleyhe olan kararlar incelendi\u011finde Bakanl\u0131\u011f\u0131n politika de\u011fi\u015fikli\u011finin kararlara etkisi a\u00e7\u0131k\u00e7a g\u00f6r\u00fclmektedir. Zira ilitca eden ki\u015filerin dosyalar\u0131n\u0131 &nbsp;de\u011ferlendiren ki\u015filer bu politkaya uygun kararlar vermekte olup Mahkemelerin baz\u0131lar\u0131, ki\u015filerin yeterli ve inand\u0131r\u0131c\u0131 savunma yapamamalar\u0131 nedeni ile daval\u0131 idarenin lehine kararlar vermektedir.<\/p>\n\n\n\n<p>Ancak 13 Kas\u0131m 2024 tarihinde Den Haag \u0130dare Mahkemesinde g\u00f6r\u00fclen benzer bir davada Say\u0131n Mahkeme; Bakanl\u0131\u011f\u0131n oturum red karar\u0131na dayanak yapt\u0131\u011f\u0131 politika de\u011fi\u015fikli\u011fini detayl\u0131 bir \u015fekilde de\u011ferlendirmi\u015f ve hakk\u0131\u0131nda red karar\u0131 verilen ki\u015fiyi hakl\u0131 bularak Bakanl\u0131\u011f\u0131n karar\u0131n\u0131 yeniden de\u011ferlendirmesi y\u00f6n\u00fcnde karar vermi\u015ftir. (https:\/\/uitspraken.rechtspraak.nl\/details?id=ECLI:NL:RBDHA:2024:18640)<\/p>\n\n\n\n<p>Bu dosyada;&nbsp; davac\u0131, Hizmet hareketine mensup oldu\u011fu gerek\u00e7esiyle T\u00fcrkiye&#8217;de yarg\u0131land\u0131\u011f\u0131n\u0131, tehdit edildi\u011fini ve g\u00f6zalt\u0131na al\u0131nd\u0131\u011f\u0131n\u0131 iddia etmi\u015ftir. T\u00fcrkiye&#8217;de aleyhine a\u00e7\u0131lan davada beraat etmi\u015f ancak \u00fclkeyi terk etmek zorunda kalm\u0131\u015ft\u0131r. Hollanda&#8217;da yapt\u0131\u011f\u0131 iltica ba\u015fvurusu, 17 May\u0131s 2024 tarihinde reddedilmi\u015ftir. Davac\u0131, T\u00fcrkiye&#8217;deki durumunun hala tehlikeli oldu\u011funu, G\u00fclen hareketine y\u00f6nelik bask\u0131 ve tutuklamalar\u0131n devam etti\u011fini belirtmi\u015f ve Hollanda h\u00fck\u00fcmetinin bu riski hafife ald\u0131\u011f\u0131n\u0131 savunmu\u015ftur. \u00d6zellikle, 2023\/24 politika de\u011fi\u015fikli\u011fiyle G\u00fclenistlere y\u00f6nelik risklerin daha d\u00fc\u015f\u00fck de\u011ferlendirildi\u011fini, bunun yanl\u0131\u015f oldu\u011funu \u00f6ne s\u00fcrm\u00fc\u015ft\u00fcr.<\/p>\n\n\n\n<p>Yap\u0131lan yarg\u0131lamada daval\u0131 olan Bakanl\u0131k verdi\u011fi karar\u0131n do\u011fru oldu\u011funu savunsa da Mahkeme verdi\u011fi kararda ;<\/p>\n\n\n\n<ul class=\"wp-block-list\">\n<li>Bakanl\u0131k karar\u0131n\u0131n yeterince gerek\u00e7elendirilmedi\u011fi sonucuna varm\u0131\u015ft\u0131r. \u00d6zellikle:<\/li>\n\n\n\n<li><strong>T\u00fcrkiye&#8217;deki yarg\u0131sal ve idari bask\u0131lar\u0131n azald\u0131\u011f\u0131 iddias\u0131, Bakanl\u0131k taraf\u0131ndan yeterli delillerle desteklenememi\u015ftir.<\/strong><\/li>\n\n\n\n<li>T\u00fcrkiye&#8217;deki mevcut bask\u0131lar ve keyfi uygulamalar\u0131n devam etti\u011fi y\u00f6n\u00fcnde davac\u0131 taraf\u0131ndan sunulan kan\u0131tlar dikkate al\u0131nm\u0131\u015ft\u0131r.<\/li>\n<\/ul>\n\n\n\n<p>Sonu\u00e7ta Mahkeme, Bakanl\u0131k karar\u0131n\u0131 iptal etmi\u015f ve yeniden de\u011ferlendirilmesi i\u00e7in Bakanl\u0131\u011fa alt\u0131 haftal\u0131k s\u00fcre tan\u0131m\u0131\u015ft\u0131r.<\/p>\n\n\n\n<p>Bu karar, Hollanda&#8217;da G\u00fclen hareketine mensup bireylerin iltica ba\u015fvurular\u0131nda dikkat edilmesi gereken politikalar\u0131n nas\u0131l yorumlanmas\u0131 gerekti\u011fi konusunda \u00f6nemli bir emsal te\u015fkil etmektedir. Mahkeme, bireysel de\u011ferlendirme yap\u0131lmas\u0131 gerekti\u011fine ve mevcut \u015fartlar\u0131n daha detayl\u0131 incelenmesi gerekti\u011fine vurgu yapm\u0131\u015ft\u0131r.<\/p>\n\n\n\n<p>Bu kararda da g\u00f6r\u00fclece\u011fi \u00fczere davac\u0131 taraf\u0131n sunmu\u015f oldu\u011fu T\u00fcrkiye\u2019deki yeni geli\u015fmelere ili\u015fkin bilgi ve belgeler&nbsp; Bakanl\u0131k taraf\u0131ndan dikkate al\u0131nmadan oturum red karar\u0131 verilmesi hukuki de\u011fildir .<\/p>\n\n\n\n<p>T\u00fcrkiye\u2019de halen Avrupa \u0130nsan Haklar\u0131 Mahkemesinin verdi\u011fi Y\u00fcksel Yal\u00e7\u0131nkaya karar\u0131 gibi somut kararlar uygulanmamakta, kitlesel bir zul\u00fcm artarak devam etmektedir. Hizmet hareketi mensuplar\u0131na y\u00f6nelik operasyonlar h\u0131z kesmeden devam etmekte olup&nbsp; 19 Kas\u0131m 2024 tarihinde T\u00fcrkiye \u0130\u00e7 \u0130\u015fleri Bakan\u0131n\u0131n X hesab\u0131ndan duyurdu\u011fu K\u0131ska\u00e7-30 isimli operasyonda hizmet hareketi mensubu oldu\u011fu iddas\u0131 ile&nbsp; 459 ki\u015fi daha &nbsp;g\u00f6z alt\u0131na al\u0131nm\u0131\u015ft\u0131r. (<a href=\"https:\/\/x.com\/AliYerlikaya\/status\/1858764079688532393?s=09\">https:\/\/x.com\/AliYerlikaya\/status\/1858764079688532393?s=09<\/a>) Ayr\u0131ca say\u0131n bakan\u0131n 20 Kas\u0131m 2024 tarihli mesaj\u0131nda 2024 y\u0131l\u0131n\u0131n son 10 ay\u0131nda Hizmet Hareketi mensuplar\u0131na y\u00f6nelik 6.727 adet operasyon yap\u0131ld\u0131\u011f\u0131n\u0131, bu operasyonlarda 935 ki\u015finin tutukland\u0131\u011f\u0131n\u0131 ve 1.317 ki\u015fi hakk\u0131nda da adli kontrol karar\u0131 verildi\u011fini a\u00e7\u0131k\u00e7a belirtmi\u015ftir. (<a href=\"https:\/\/x.com\/AliYerlikaya\/status\/1859236018144137601?s=09\">https:\/\/x.com\/AliYerlikaya\/status\/1859236018144137601?s=09<\/a>)<\/p>\n\n\n\n<p>Unutmamak gerekir ki Hizmet Hareketi , T\u00fcrkiye ve Pakistan hari\u00e7 d\u00fcnyan\u0131n hi\u00e7bir \u00fclkesinde ter\u00f6r \u00f6rg\u00fct olarak kabul edilmemektedir. Hal b\u00f6yleyken yakla\u015f\u0131k on y\u0131ld\u0131r hakk\u0131nda ter\u00f6r \u00f6rg\u00fct\u00fc iddas\u0131 ile operasyonlar yap\u0131lmakta ve harekete mensup binlerce insan hakk\u0131nda haks\u0131z ve hukuksuz bir soyk\u0131r\u0131m uygulanmaktad\u0131r. Bu hukuksuzluk hali devam etmekte olup resmi makamlar taraf\u0131ndan da teyit edilmektedir. &nbsp;&nbsp;&nbsp;&nbsp;&nbsp;<\/p>\n\n\n\n<p>Ger\u00e7ekler a\u00e7\u0131kca ortadayken &nbsp;Say\u0131n Bakanl\u0131k yetkilileri ivedi bir \u015fekilde mahkeme karar\u0131na uygun olarak &nbsp;politika de\u011fi\u015fikli\u011fi karar\u0131n\u0131 yeniden g\u00f6zden ge\u00e7irmeli ve artarak devam eden zul\u00fcm uygulama ve \u00f6rneklerini&nbsp; dikkate almal\u0131d\u0131r.<\/p>\n\n\n\n<p>Hollanda ger\u00e7ek bir hukuk devletidir. Buna olan inac\u0131n hi\u00e7bir zaman kaybedilmemesi gerekir. \u00d6nemli olan hakk\u0131n savunulmas\u0131 ve hakl\u0131l\u0131\u011f\u0131n do\u011fru bir \u015fekilde anlat\u0131lmas\u0131d\u0131r. Gerek ana m\u00fclakatlara gerekse mahkeme savunmalar\u0131na do\u011fru bir \u015fekilde haz\u0131rlanmak hakl\u0131l\u0131\u011f\u0131n ispat\u0131 a\u00e7\u0131s\u0131nda \u00e7ok \u00f6nemlidir.<\/p>\n\n\n\n<p>Umuyoruz ki Bakanl\u0131k en k\u0131sa s\u00fcrede daha detayl\u0131 bir \u00e7al\u0131\u015fma yaparak ger\u00e7ekler ile uyumlu yeni bir politika belirler ve zor \u015fartlarda kamplarda bekleyen insanlar hakk\u0131nda daha adil kararlar verir.&nbsp;<\/p>\n\n\n\n<p>Unutmamak gerekir ki \u201c Adalet&nbsp; \u00f6l\u00fcr ise devletler,toplumlar ve hatta insanl\u0131k \u00f6l\u00fcr.\u201d<\/p>\n\n\n\n<p>&nbsp;Sayg\u0131lar\u0131m\u0131zla.<\/p>\n\n\n\n<p>Avukathht Dan\u0131\u015fmanl\u0131k <\/p>","protected":false},"excerpt":{"rendered":"<p>12 \u015eubat 2024 tarihli \u201cPOL\u0130T\u0130KALAR DE\u011e\u0130\u015eSEDE GER\u00c7EKLER DE\u011e\u0130\u015eM\u0130YOR\u201d&nbsp; ba\u015fl\u0131kl\u0131 makalemizde; Hollanda Adalet ve G\u00fcvenlik Bakanl\u0131\u011f\u0131n\u0131n, Hollandaya iltica eden Hizmet Hareketi<\/p>","protected":false},"author":1,"featured_media":17071,"comment_status":"open","ping_status":"open","sticky":false,"template":"","format":"standard","meta":{"_coblocks_attr":"","_coblocks_dimensions":"","_coblocks_responsive_height":"","_coblocks_accordion_ie_support":"","footnotes":""},"categories":[81,77,76],"tags":[],"class_list":["post-17069","post","type-post","status-publish","format-standard","has-post-thumbnail","hentry","category-gocmen-gozuyle","category-hukuki-danismanlik","category-iltica-hukuku"],"_links":{"self":[{"href":"https:\/\/avukathht.com\/en\/wp-json\/wp\/v2\/posts\/17069","targetHints":{"allow":["GET"]}}],"collection":[{"href":"https:\/\/avukathht.com\/en\/wp-json\/wp\/v2\/posts"}],"about":[{"href":"https:\/\/avukathht.com\/en\/wp-json\/wp\/v2\/types\/post"}],"author":[{"embeddable":true,"href":"https:\/\/avukathht.com\/en\/wp-json\/wp\/v2\/users\/1"}],"replies":[{"embeddable":true,"href":"https:\/\/avukathht.com\/en\/wp-json\/wp\/v2\/comments?post=17069"}],"version-history":[{"count":2,"href":"https:\/\/avukathht.com\/en\/wp-json\/wp\/v2\/posts\/17069\/revisions"}],"predecessor-version":[{"id":17077,"href":"https:\/\/avukathht.com\/en\/wp-json\/wp\/v2\/posts\/17069\/revisions\/17077"}],"wp:featuredmedia":[{"embeddable":true,"href":"https:\/\/avukathht.com\/en\/wp-json\/wp\/v2\/media\/17071"}],"wp:attachment":[{"href":"https:\/\/avukathht.com\/en\/wp-json\/wp\/v2\/media?parent=17069"}],"wp:term":[{"taxonomy":"category","embeddable":true,"href":"https:\/\/avukathht.com\/en\/wp-json\/wp\/v2\/categories?post=17069"},{"taxonomy":"post_tag","embeddable":true,"href":"https:\/\/avukathht.com\/en\/wp-json\/wp\/v2\/tags?post=17069"}],"curies":[{"name":"wp","href":"https:\/\/api.w.org\/{rel}","templated":true}]}}