{"id":17101,"date":"2025-01-20T10:42:11","date_gmt":"2025-01-20T10:42:11","guid":{"rendered":"https:\/\/avukathht.com\/?p=17101"},"modified":"2025-11-12T16:46:43","modified_gmt":"2025-11-12T16:46:43","slug":"asiri-sag-siyasetin-gocmenler-uzerindeki-etkisi-ve-ayrimcilik","status":"publish","type":"post","link":"https:\/\/avukathht.com\/en\/2025\/01\/asiri-sag-siyasetin-gocmenler-uzerindeki-etkisi-ve-ayrimcilik\/","title":{"rendered":"A\u015f\u0131r\u0131 Sa\u011f Siyasetin G\u00f6\u00e7menler \u00dczerindeki Etkisi ve Ayr\u0131mc\u0131l\u0131k"},"content":{"rendered":"<p>Son y\u0131llarda d\u00fcnyada a\u015f\u0131r\u0131 sa\u011f siyaset, bir\u00e7ok \u00fclkede h\u0131zl\u0131 bir \u015fekilde y\u00fckseli\u015fe ge\u00e7mi\u015ftir. Bu politik hareketin odak noktas\u0131 genellikle <strong>milliyet\u00e7ilik, g\u00f6\u00e7 kar\u015f\u0131tl\u0131\u011f\u0131 ve &#8220;yerli halklar\u0131n haklar\u0131n\u0131n&#8221; korunmas\u0131 <\/strong>s\u00f6ylemleri etraf\u0131nda \u015fekillenmektedir. Ancak bu s\u00f6ylemler, g\u00f6\u00e7menler \u00fczerinde ciddi olumsuz etkiler yaratmakta ve toplumlarda ayr\u0131mc\u0131l\u0131\u011f\u0131 derinle\u015ftirmektedir. \u00d6zellikle topluma y\u00f6n veren kurum ve kurulu\u015flar\u0131n , bu dinamikleri g\u00f6zlemlemesi ve analiz ederek \u00e7\u00f6z\u00fcmler \u00fcretmesi &nbsp;hem hukuki hem de insani a\u00e7\u0131dan b\u00fcy\u00fck \u00f6nem ta\u015f\u0131maktad\u0131r.<\/p>\n\n\n\n<p><strong>G\u00f6\u00e7menlere Y\u00f6nelik Politikalarda Sertle\u015fme<\/strong><\/p>\n\n\n\n<p>A\u015f\u0131r\u0131 sa\u011f siyasetlerin g\u00fc\u00e7 kazand\u0131\u011f\u0131 \u00fclkelerde, g\u00f6\u00e7 politikalar\u0131nda belirgin bir sertle\u015fme g\u00f6zlemlenmektedir. S\u0131n\u0131r kontrollerinin art\u0131r\u0131lmas\u0131, g\u00f6\u00e7men kotalar\u0131n\u0131n d\u00fc\u015f\u00fcr\u00fclmesi ve iltica ba\u015fvurular\u0131n\u0131n zorla\u015ft\u0131r\u0131lmas\u0131 bu politikalardan yaln\u0131zca birka\u00e7\u0131d\u0131r. \u00d6rne\u011fin, Avrupa&#8217;da baz\u0131 \u00fclkeler, uluslararas\u0131 insan haklar\u0131 normlar\u0131n\u0131 ihlal edercesine g\u00f6\u00e7menlerin s\u0131n\u0131r d\u0131\u015f\u0131 edilmesini kolayla\u015ft\u0131ran d\u00fczenlemelere imza at\u0131lmaya ba\u015flanm\u0131\u015ft\u0131r. Yak\u0131n zamanda bir \u00e7ok \u00fclkede geri g\u00f6nderme say\u0131lar\u0131nda ciddi art\u0131\u015flar g\u00f6r\u00fclmektedir. Bu t\u00fcr politikalar, g\u00f6\u00e7menlerin hukuki haklar\u0131n\u0131 korumay\u0131 daha da zorla\u015ft\u0131rmakta ve savunmas\u0131z bireyleri yasad\u0131\u015f\u0131 yollara itmektedir.<\/p>\n\n\n\n<p><strong>Toplumdaki Ayr\u0131mc\u0131l\u0131k ve Yabanc\u0131 D\u00fc\u015fmanl\u0131\u011f\u0131<\/strong><\/p>\n\n\n\n<p>A\u015f\u0131r\u0131 sa\u011f siyaset, yaln\u0131zca hukuki d\u00fczenlemelerle s\u0131n\u0131rl\u0131 kalmay\u0131p, toplumsal alg\u0131lar\u0131 da \u015fekillendirmektedir. G\u00f6\u00e7menler, bir\u00e7ok \u00fclkede i\u015fsizlik, su\u00e7 oranlar\u0131n\u0131n art\u0131\u015f\u0131 ve sosyal yard\u0131mlardan &#8220;haks\u0131z yere&#8221; faydalanma gibi sorunlar\u0131n ba\u015fl\u0131ca sorumlusu olarak g\u00f6sterilmektedir. Bu durum, toplumsal kutupla\u015fmay\u0131 art\u0131rmakta ve g\u00f6\u00e7menlere y\u00f6nelik ayr\u0131mc\u0131l\u0131\u011f\u0131 normalle\u015ftirmektedir.<\/p>\n\n\n\n<p>Medyan\u0131n, \u00f6zellikle a\u015f\u0131r\u0131 sa\u011f siyaseti destekleyen kesimlerin, g\u00f6\u00e7menleri &#8220;\u00f6teki&#8221; olarak g\u00f6stermesi, yabanc\u0131 d\u00fc\u015fmanl\u0131\u011f\u0131n\u0131 k\u00f6r\u00fckleyen bir di\u011fer unsurdur. G\u00f6\u00e7menlere y\u00f6nelik nefret s\u00f6ylemleri ve fiziksel sald\u0131r\u0131lar, bir\u00e7ok \u00fclkede art\u0131\u015f g\u00f6stermi\u015ftir. Bu durum, g\u00f6\u00e7menlerin yaln\u0131zca hukuki de\u011fil, ayn\u0131 zamanda g\u00fcnl\u00fck hayatlar\u0131nda da ciddi zorluklarla kar\u015f\u0131la\u015fmas\u0131na neden olmaktad\u0131r.<\/p>\n\n\n\n<p><strong>Hukuki M\u00fccadele ve Sivil Toplum \u00d6rg\u00fctlerinin &nbsp;Rol\u00fc<\/strong><\/p>\n\n\n\n<p>Bu ba\u011flamda, Sivil Toplum \u00d6rg\u00fctlerinin rol\u00fc her zamankinden daha fazla kritik bir hal alm\u0131\u015ft\u0131r. G\u00f6\u00e7menler, \u00e7o\u011fu zaman dil bariyerleri, k\u00fclt\u00fcrel farkl\u0131l\u0131klar ve ekonomik yetersizlikler nedeniyle haklar\u0131n\u0131 savunmakta g\u00fc\u00e7l\u00fck \u00e7ekmektedir. Sivil Toplum \u00d6rg\u00fctleri, g\u00f6n\u00fcll\u00fclerine hukuki dan\u0131\u015fmanl\u0131k hizmetleri sunman\u0131n \u00f6tesinde, \u00a0bu bireylerin insan haklar\u0131n\u0131 savunmak i\u00e7in kamuoyu olu\u015fturma ve politik reformlara katk\u0131da bulunma sorumlulu\u011funu da beraber ta\u015f\u0131maktad\u0131r.<\/p>\n\n\n\n<p>Hollanda gibi insan haklar\u0131na de\u011fer veren \u00fclkelerde bile a\u015f\u0131r\u0131 sa\u011f s\u00f6ylemlerin g\u00fc\u00e7 kazanmas\u0131, g\u00f6\u00e7menler i\u00e7in riskleri art\u0131rmaktad\u0131r. Sivil Toplum \u00d6rg\u00fctleri, bu t\u00fcr bir ortamda hukukun \u00fcst\u00fcnl\u00fc\u011f\u00fcn\u00fc koruma misyonunu yerine getirirken, ayn\u0131 zamanda ayr\u0131mc\u0131l\u0131kla m\u00fccadelede aktif bir rol oynamal\u0131d\u0131r.<\/p>\n\n\n\n<p><strong>\u00c7\u00f6z\u00fcm \u00d6nerileri<\/strong><\/p>\n\n\n\n<ol start=\"1\" class=\"wp-block-list\">\n<li><strong>Hukuki E\u011fitim ve Fark\u0131ndal\u0131k<\/strong>: G\u00f6\u00e7menlerin hukuki haklar\u0131 konusunda bilin\u00e7lendirilmesi, ayr\u0131mc\u0131l\u0131k ve yabanc\u0131 d\u00fc\u015fmanl\u0131\u011f\u0131 ile m\u00fccadelede ilk ad\u0131md\u0131r. Bu ba\u011flamda, g\u00f6\u00e7menlere y\u00f6nelik \u00fccretsiz e\u011fitim programlar\u0131 ve dan\u0131\u015fmanl\u0131k hizmetleri sa\u011flanabilir.<\/li>\n\n\n\n<li><strong>Medya yolu ile \u00a0Toplumun bilin\u00e7lendirilmesi<\/strong>: Medyan\u0131n g\u00f6\u00e7menler hakk\u0131ndaki tarafl\u0131 ve olumsuz s\u00f6ylemleri ile m\u00fccadele edilmelidir. Bunun yerine, g\u00f6\u00e7menlerin topluma katk\u0131lar\u0131n\u0131 \u00f6ne \u00e7\u0131karan projeler te\u015fvik edilmeli ve sosyal medyan\u0131n g\u00fcc\u00fc kullan\u0131larak toplum \u00a0bilgilendirilmelidir.<\/li>\n\n\n\n<li><strong>Politik Reformlar<\/strong>: Hollanda gibi ayr\u0131mc\u0131l\u0131\u011f\u0131n Anayasal olarak yasakland\u0131\u011f\u0131 \u00fclkelerde g\u00f6\u00e7menlere y\u00f6nelik ayr\u0131mc\u0131 politikalar\u0131n \u00a0olu\u015fmas\u0131na zemin haz\u0131rlayabilecek yasal de\u011fi\u015fikliklerden uzak durulmal\u0131d\u0131r. Ayr\u0131ca, g\u00f6\u00e7menlere e\u015fit f\u0131rsatlar sunulmas\u0131 i\u00e7in daha fazla \u00a0sosyal politikalar geli\u015ftirilmelidir.<\/li>\n\n\n\n<li><strong>Uluslararas\u0131 \u0130\u015fbirli\u011fi<\/strong>: G\u00f6\u00e7 krizleri k\u00fcresel bir sorundur ve bu sorunun \u00e7\u00f6z\u00fcm\u00fc uluslararas\u0131 i\u015fbirli\u011fi gerektirir. \u0130nsan haklar\u0131na sayg\u0131l\u0131 ve s\u00fcrd\u00fcr\u00fclebilir politikalar geli\u015ftirilmesi, bu sorunun \u00e7\u00f6z\u00fcm\u00fcnde kritik rol oynar. Hollanda, bir \u00e7ok \u00fclkeye nazaran insan haklar\u0131 ve ayr\u0131mc\u0131l\u0131k \u00a0konusunda daha duyarl\u0131 bir \u00fclke olup bu konuda \u00a0aktif rol alabilir. \u00a0<\/li>\n<\/ol>\n\n\n\n<p><strong>Sonu\u00e7<\/strong><\/p>\n\n\n\n<p>Y\u00fckselen a\u015f\u0131r\u0131 sa\u011f siyaset, g\u00f6\u00e7menler \u00fczerinde b\u00fcy\u00fck bir bask\u0131 olu\u015fturmaktad\u0131r. Ancak bu durum, ayr\u0131mc\u0131l\u0131kla m\u00fccadele eden ve insan haklar\u0131n\u0131 savunan bireyler ve kurumlar i\u00e7in bir \u00e7a\u011fr\u0131 niteli\u011findedir. G\u00f6\u00e7menler ile do\u011frudan veya dolayl\u0131 &nbsp;ilgilenen t\u00fcm meslekler ve kurulu\u015flar; hukukun \u00fcst\u00fcnl\u00fc\u011f\u00fcn\u00fc koruma ve adaleti sa\u011flama misyonu yan\u0131nda &nbsp;a\u015f\u0131r\u0131 \u0131rk\u00e7\u0131 s\u00f6ylemlerin, g\u00f6\u00e7menlere y\u00f6nelik ayr\u0131mc\u0131l\u0131\u011f\u0131 artt\u0131rmas\u0131na kar\u015f\u0131 olan m\u00fccadelede \u00f6nemli bir g\u00f6rev \u00fcstlenmektedir. &nbsp;<\/p>\n\n\n\n<p>Unutmamak gerekir ki; ayr\u0131mc\u0131l\u0131k ve yabanc\u0131 d\u00fc\u015fmanl\u0131\u011f\u0131n\u0131n olmad\u0131\u011f\u0131 bir d\u00fcnya i\u00e7in \u00e7al\u0131\u015fmak, yaln\u0131zca g\u00f6\u00e7menlerin de\u011fil, t\u00fcm toplumlar\u0131n huzuru ve &nbsp;gelece\u011fi i\u00e7in gereklidir.<\/p>\n\n\n\n<p>Sayg\u0131lar\u0131mla<\/p>\n\n\n\n<p>Av. H.H\u00fcseyin TANRIVERD\u0130<\/p>","protected":false},"excerpt":{"rendered":"<p>Son y\u0131llarda d\u00fcnyada a\u015f\u0131r\u0131 sa\u011f siyaset, bir\u00e7ok \u00fclkede h\u0131zl\u0131 bir \u015fekilde y\u00fckseli\u015fe ge\u00e7mi\u015ftir. Bu politik hareketin odak noktas\u0131 genellikle milliyet\u00e7ilik,<\/p>","protected":false},"author":1,"featured_media":17103,"comment_status":"open","ping_status":"open","sticky":false,"template":"","format":"standard","meta":{"_coblocks_attr":"","_coblocks_dimensions":"","_coblocks_responsive_height":"","_coblocks_accordion_ie_support":"","footnotes":""},"categories":[83,78,81,77,76],"tags":[],"class_list":["post-17101","post","type-post","status-publish","format-standard","has-post-thumbnail","hentry","category-mesleki-makaleler","category-bilincli-gocmenlik","category-gocmen-gozuyle","category-hukuki-danismanlik","category-iltica-hukuku"],"_links":{"self":[{"href":"https:\/\/avukathht.com\/en\/wp-json\/wp\/v2\/posts\/17101","targetHints":{"allow":["GET"]}}],"collection":[{"href":"https:\/\/avukathht.com\/en\/wp-json\/wp\/v2\/posts"}],"about":[{"href":"https:\/\/avukathht.com\/en\/wp-json\/wp\/v2\/types\/post"}],"author":[{"embeddable":true,"href":"https:\/\/avukathht.com\/en\/wp-json\/wp\/v2\/users\/1"}],"replies":[{"embeddable":true,"href":"https:\/\/avukathht.com\/en\/wp-json\/wp\/v2\/comments?post=17101"}],"version-history":[{"count":2,"href":"https:\/\/avukathht.com\/en\/wp-json\/wp\/v2\/posts\/17101\/revisions"}],"predecessor-version":[{"id":17106,"href":"https:\/\/avukathht.com\/en\/wp-json\/wp\/v2\/posts\/17101\/revisions\/17106"}],"wp:featuredmedia":[{"embeddable":true,"href":"https:\/\/avukathht.com\/en\/wp-json\/wp\/v2\/media\/17103"}],"wp:attachment":[{"href":"https:\/\/avukathht.com\/en\/wp-json\/wp\/v2\/media?parent=17101"}],"wp:term":[{"taxonomy":"category","embeddable":true,"href":"https:\/\/avukathht.com\/en\/wp-json\/wp\/v2\/categories?post=17101"},{"taxonomy":"post_tag","embeddable":true,"href":"https:\/\/avukathht.com\/en\/wp-json\/wp\/v2\/tags?post=17101"}],"curies":[{"name":"wp","href":"https:\/\/api.w.org\/{rel}","templated":true}]}}