{"id":17113,"date":"2025-02-26T13:14:47","date_gmt":"2025-02-26T13:14:47","guid":{"rendered":"https:\/\/avukathht.com\/?p=17113"},"modified":"2025-11-15T19:15:24","modified_gmt":"2025-11-15T19:15:24","slug":"2024-yili-turkiye-raporunun-degerlendirmesi","status":"publish","type":"post","link":"https:\/\/avukathht.com\/en\/2025\/02\/2024-yili-turkiye-raporunun-degerlendirmesi\/","title":{"rendered":"2024 y\u0131l\u0131 T\u00fcrkiye Raporunun De\u011ferlendirmesi"},"content":{"rendered":"<p>T\u00fcrkiye, son y\u0131llarda siyasi, hukuk ve insan haklar\u0131 alanlar\u0131nda \u00f6nemli de\u011fi\u015fimler ve zorluklarla kar\u015f\u0131 kar\u015f\u0131ya kalm\u0131\u015ft\u0131r. Hollanda D\u0131si\u015fleri Bakanl\u0131\u011f\u0131 t\u00fcm bu s\u00fcre\u00e7leri yak\u0131ndan takip etmekte ve rapor alt\u0131na almaktad\u0131r. Bakanl\u0131\u011f\u0131n \u015eubat 2025\u2019te yay\u0131mlanan <strong>2024 T\u00fcrkiye Raporu<\/strong>, \u00fclkenin mevcut durumuna dair kapsaml\u0131 bir de\u011ferlendirme sunmaktad\u0131r. <strong>Bu rapor, \u00f6zellikle s\u0131\u011f\u0131nma ba\u015fvurular\u0131n\u0131n de\u011ferlendirilmesi ve T\u00fcrkiye\u2019ye geri d\u00f6n\u00fc\u015flerle ilgili karar alma s\u00fcre\u00e7lerinde referans al\u0131nmaktad\u0131r.<\/strong> T\u00fcrkiye\u2019nin demokrasi, insan haklar\u0131, hukukun \u00fcst\u00fcnl\u00fc\u011f\u00fc ve g\u00fcvenlik konular\u0131ndaki mevcut durumunu ortaya koyan rapor, kritik bulgular i\u00e7ermektedir.<\/p>\n\n\n\n<p><strong>Rapora g\u00f6re;<\/strong><\/p>\n\n\n\n<ul class=\"wp-block-list\">\n<li><strong>Siyasi Durum ve Se\u00e7imler<\/strong><\/li>\n<\/ul>\n\n\n\n<p>T\u00fcrkiye\u2019de <strong>May\u0131s 2023 Cumhurba\u015fkanl\u0131\u011f\u0131 ve Parlamento Se\u00e7imleri<\/strong>, Recep Tayyip Erdo\u011fan\u2019\u0131n yeniden se\u00e7ilmesi ve AKP (Adalet ve Kalk\u0131nma Partisi) \u00f6nc\u00fcl\u00fc\u011f\u00fcndeki <strong>Cumhur \u0130ttifak\u0131\u2019n\u0131n<\/strong> Meclis \u00e7o\u011funlu\u011funu korumas\u0131yla sonu\u00e7land\u0131. Ancak, ekonomik kriz ve artan toplumsal memnuniyetsizlik, h\u00fck\u00fcmetin g\u00fcc\u00fcn\u00fc korumas\u0131n\u0131 zorla\u015ft\u0131rm\u0131\u015ft\u0131r.<\/p>\n\n\n\n<p><strong>Mart 2024 Yerel Se\u00e7imleri<\/strong>, ana Muhalefet Partisi olan &nbsp;<strong>CHP\u2019nin (Cumhuriyet Halk Partisi) %37,8 oy oran\u0131yla en b\u00fcy\u00fck parti haline gelmesi<\/strong> ve AKP\u2019nin oy oran\u0131n\u0131n %35,5\u2019e d\u00fc\u015fmesiyle \u00f6nemli bir d\u00f6n\u00fcm noktas\u0131 olmu\u015ftur. CHP\u2019nin b\u00fcy\u00fck \u015fehirlerde ve \u0130\u00e7 Anadolu\u2019da kazanmas\u0131, AKP\u2019nin oy kayb\u0131n\u0131 g\u00f6stermi\u015ftir. Se\u00e7imlerde devlet destekli medya organlar\u0131n\u0131n AKP\u2019ye yo\u011fun \u015fekilde destek vermesi, demokratik s\u00fcre\u00e7lerin tarafs\u0131zl\u0131\u011f\u0131 konusundaki ele\u015ftirileri art\u0131rm\u0131\u015ft\u0131r.<\/p>\n\n\n\n<p>\u00d6zellikle <strong>DEM Partisi\u2019nin (eski HDP) se\u00e7im s\u00fcrecinde kar\u015f\u0131la\u015ft\u0131\u011f\u0131 zorluklar<\/strong>, T\u00fcrkiye\u2019de K\u00fcrt siyasetinin \u00fczerindeki bask\u0131lar\u0131 g\u00f6zler \u00f6n\u00fcne sermi\u015ftir. DEM, yerel se\u00e7imlerde <strong>10 \u0130lde<\/strong> belediye ba\u015fkanl\u0131\u011f\u0131n\u0131 kazanm\u0131\u015f ancak &nbsp;baz\u0131 DEM\u2019li belediye ba\u015fkanlar\u0131n\u0131n g\u00f6revden al\u0131narak yerlerine kayyum atanmas\u0131, b\u00fcy\u00fck tepki toplam\u0131\u015ft\u0131r.<\/p>\n\n\n\n<p>\u00d6te yandan, Cumhurba\u015fkan\u0131 Erdo\u011fan <strong>yeni bir anayasa yapma \u00e7a\u011fr\u0131s\u0131n\u0131<\/strong> yinelemektedir. T\u00fcrkiye\u2019de demokratikle\u015fme ve hukukun \u00fcst\u00fcnl\u00fc\u011f\u00fc a\u00e7\u0131s\u0131ndan bu s\u00fcrecin nas\u0131l \u015fekillenece\u011fi b\u00fcy\u00fck \u00f6nem ta\u015f\u0131maktad\u0131r.<\/p>\n\n\n\n<ul class=\"wp-block-list\">\n<li><strong>G\u00fcvenlik ve \u0130\u00e7 Kar\u0131\u015f\u0131kl\u0131klar<\/strong><\/li>\n<\/ul>\n\n\n\n<p>Rapor, <strong>PKK, DEA\u015e (ISID) ve DHKP\/C gibi gruplar\u0131n T\u00fcrkiye\u2019deki g\u00fcvenlik durumunu etkileyen faaliyetlerini<\/strong> detayland\u0131rmaktad\u0131r. \u00d6zellikle Ankara\u2019da bir devlet savunma \u015firketine <strong>PKK taraf\u0131ndan <\/strong>yap\u0131lan silahl\u0131 sald\u0131r\u0131na dikkat \u00e7ekilmi\u015ftir. Bu ve benzeri olaylar, T\u00fcrkiye\u2019nin g\u00fcvenlik politikalar\u0131n\u0131n nas\u0131l \u015fekillenece\u011fi konusunda \u00f6nemli ipu\u00e7lar\u0131 sunmaktad\u0131r.<\/p>\n\n\n\n<p><strong>DEA\u015e (ISID) \u2019nin \u0130stanbul\u2019da bir Katolik kilisesine d\u00fczenledi\u011fi sald\u0131r\u0131<\/strong>, T\u00fcrkiye\u2019de dini az\u0131nl\u0131klara y\u00f6nelik tehditleri ve I\u015e\u0130D\u2019in yeniden g\u00fc\u00e7lenme ihtimalini g\u00fcndeme getirmi\u015ftir. T\u00fcrkiye, bu gruplara y\u00f6nelik geni\u015f \u00e7apl\u0131 operasyonlar y\u00fcr\u00fctm\u00fc\u015f ve <strong>\u015f\u00fcpheli ba\u011flant\u0131lara sahip y\u00fczlerce ki\u015fiyi g\u00f6zalt\u0131na alm\u0131\u015ft\u0131r.<\/strong><\/p>\n\n\n\n<p>Bu geli\u015fmelerin yan\u0131 s\u0131ra, h\u00fck\u00fcmetin &nbsp;ter\u00f6rle m\u00fccadele politikalar\u0131n\u0131n; <strong>insan haklar\u0131 ihlalleriyle sonu\u00e7lanmas\u0131<\/strong> riski de bulunuyor. G\u00f6zalt\u0131na al\u0131nan baz\u0131 ki\u015filerin <strong>i\u015fkence ve k\u00f6t\u00fc muameleye maruz kald\u0131\u011f\u0131na dair iddialar<\/strong>, insan haklar\u0131 \u00f6rg\u00fctleri taraf\u0131ndan rapor edilmi\u015ftir.Ceza evlerindeki insan haklar\u0131 ihlalleri de &nbsp;raporlarla kay\u0131t alt\u0131na al\u0131nm\u0131\u015ft\u0131r. &nbsp;<\/p>\n\n\n\n<p><strong>Yarg\u0131 ve \u0130nsan Haklar\u0131<\/strong><\/p>\n\n\n\n<p>T\u00fcrkiye\u2019de <strong>yarg\u0131 ba\u011f\u0131ms\u0131zl\u0131\u011f\u0131<\/strong> konusu uzun s\u00fcredir tart\u0131\u015fmal\u0131 bir mesele olup, rapor bu konuda ciddi sorunlar\u0131n devam etti\u011fini ortaya koymaktad\u0131r. <strong>Hakimler ve Savc\u0131lar Kurulu\u2019nun (HSK) ba\u011f\u0131ms\u0131zl\u0131\u011f\u0131<\/strong> tart\u0131\u015fmal\u0131 hale gelirken, hakimlerin atamalar\u0131 ve verdikleri kararlarda iktidar\u0131n taleplerine uygun hareket etmeleri &nbsp;<strong>yarg\u0131n\u0131n siyasalla\u015fmas\u0131n\u0131 <\/strong>giderek daha belirgin hale gelmi\u015ftir.<\/p>\n\n\n\n<p><strong>Bas\u0131n \u00f6zg\u00fcrl\u00fc\u011f\u00fc<\/strong> \u00fczerindeki bask\u0131lar, \u00f6zellikle h\u00fck\u00fcmeti ele\u015ftiren gazetecilere y\u00f6nelik <strong>tutuklamalar ve medya sans\u00fcr\u00fc<\/strong> ile devam etmi\u015ftir. Sosyal medya uygulamalar\u0131n\u0131n k\u0131sa s\u00fcreli kapat\u0131lmas\u0131, m\u00fchalif hesaplara eri\u015fim engellerinin getirtilmesi gibi uygulamalar devam ederken &nbsp;<strong>Anti-Dezenformasyon Yasas\u0131<\/strong>, h\u00fck\u00fcmete sosyal medya ve haber sitelerini kapatma yetkisi verdi\u011fi i\u00e7in b\u00fcy\u00fck ele\u015ftiri alm\u0131\u015ft\u0131r.<\/p>\n\n\n\n<p>Rapor, <strong>G\u00fclen hareketiyle ba\u011flant\u0131l\u0131 oldu\u011fu iddia edilen ki\u015filere y\u00f6nelik bask\u0131lar\u0131n h\u0131z kesmeden s\u00fcrd\u00fc\u011f\u00fcn\u00fc, cezaevlerinde yak\u0131nlar\u0131 olan ki\u015filere y\u00f6nelik yeniden yap\u0131lanma &nbsp;operasyonlar\u0131n artt\u0131\u011f\u0131, binlerce insan\u0131n g\u00f6zalt\u0131na al\u0131narak tutukland\u0131\u011f\u0131n\u0131, k\u00fc\u00e7\u00fck \u00e7ocuklar\u0131n g\u00f6zalt\u0131 ve tutuklamaya maruz kald\u0131\u011f\u0131n\u0131<\/strong> belirtmektedir.<\/p>\n\n\n\n<p>Raporda \u00f6zellikle y<strong>urt d\u0131\u015f\u0131ndaki G\u00fclenistler i\u00e7in T\u00fcrkiye\u2019ye geri d\u00f6n\u00fc\u015f\u00fcn ciddi riskler i\u00e7erdi\u011fi<\/strong> vurgulanmaktad\u0131r.<\/p>\n\n\n\n<p>&nbsp;<strong>Ayn\u0131 \u015fekilde, muhalif parti mensuplar\u0131,<\/strong> <strong>etnik ve dini az\u0131nl\u0131klar (K\u00fcrtler, Aleviler, Ermeniler, Hristiyanlar) ile kad\u0131n ve LGBT\u0130+ bireylerine y\u00f6nelik bask\u0131lar\u0131n da artarak devam etti\u011fi <\/strong>&nbsp;belirtilmektedir.<\/p>\n\n\n\n<p>Raporda \u00f6zellikle <strong>kad\u0131na y\u00f6nelik \u015fiddet vaaklar\u0131n\u0131n artt\u0131\u011f\u0131 <\/strong>, <strong>kad\u0131n haklar\u0131 savunucular\u0131na bask\u0131lar devam etti\u011fi vurgulanarak bu durumun <\/strong>&nbsp;&nbsp;T\u00fcrkiye\u2019nin insan haklar\u0131 sicilini olumsuz etkiledi\u011fi belirtilmektedir. Ayr\u0131ca h\u00fck\u00fcmetin \u0130stanbul S\u00f6zle\u015fmesi\u2019nden \u00e7ekilmesiyle birlikte kad\u0131n haklar\u0131n\u0131n korunmas\u0131na dair ciddi endi\u015feler bulundu\u011fu belirtilmektedir.<\/p>\n\n\n\n<ul class=\"wp-block-list\">\n<li><strong>G\u00f6\u00e7menler, S\u0131\u011f\u0131nmac\u0131lar ve Geri D\u00f6n\u00fc\u015fler<\/strong><\/li>\n<\/ul>\n\n\n\n<p>Rapora&nbsp; g\u00f6re T\u00fcrkiye\u2019de ya\u015fayan <strong>Suriyeli, Afgan ve \u0130ranl\u0131 m\u00fcltecilerin durumu<\/strong> giderek zorla\u015fmaktad\u0131r. Rapor, T\u00fcrkiye\u2019nin <strong>m\u00fclteci haklar\u0131na yakla\u015f\u0131m\u0131n\u0131n sertle\u015fti\u011fini<\/strong>, <strong>zorla s\u0131n\u0131r d\u0131\u015f\u0131 edilmeler<\/strong> ve <strong>g\u00f6zalt\u0131 merkezlerindeki k\u00f6t\u00fc ko\u015fullar\u0131n artt\u0131\u011f\u0131n\u0131<\/strong> ortaya koymaktad\u0131r.<\/p>\n\n\n\n<p>T\u00fcrkiye\u2019den Avrupa\u2019ya ka\u00e7an baz\u0131 ki\u015filerin <strong>sahte tutuklama emirleriyle iltica ba\u015fvurular\u0131n\u0131 destekledi\u011fi<\/strong> iddialar\u0131 da raporda yer alm\u0131\u015ft\u0131r. <strong>UYAP adl\u0131 adli bilgi sisteminde sahte belgeler olu\u015fturularak bu ki\u015filere hukuki gerek\u00e7eler yarat\u0131ld\u0131\u011f\u0131<\/strong> iddias\u0131, T\u00fcrkiye\u2019de adalet sistemine duyulan g\u00fcveni sarsmaktad\u0131r.<\/p>\n\n\n\n<p><strong>Sonu\u00e7 olarak;<\/strong><\/p>\n\n\n\n<p>\u00dcz\u00fclerek ifade etmek isteriz ki; Hollanda D\u0131\u015f \u0130\u015fleri Bakanl\u0131\u011f\u0131 taraf\u0131ndan d\u00fczenlenen 2024 T\u00fcrkiye Raporu, T\u00fcrkiye\u2019deki <strong>siyasi, hukuki ve insan haklar\u0131 alanlar\u0131nda ciddi sorunlar\u0131n devam etti\u011fini <\/strong>&nbsp;g\u00f6stermektedir.<\/p>\n\n\n\n<p><strong>Kanaatimizce; T\u00fcrkiye\u2019de muhalif kesimlere (K\u00fcrtler ve G\u00fclenistler v.b) y\u00f6nelik hali haz\u0131rda devam eden anti demokratik bask\u0131 ve uygulamalar, kayyum atamalar\u0131, se\u00e7im s\u00fcre\u00e7lerinin \u015feffafl\u0131\u011f\u0131n azalmas\u0131, yarg\u0131n\u0131n ba\u011f\u0131ms\u0131zl\u0131\u011f\u0131n\u0131n kaybolmas\u0131, medya ve ifade \u00f6zg\u00fcrl\u00fc\u011f\u00fcn\u00fcn her ge\u00e7en g\u00fcn azalt\u0131lmas\u0131, &nbsp;az\u0131nl\u0131k haklar\u0131 ve m\u00fcltecilerin durumunda olumsuz geli\u015fmeler T\u00fcrkiye\u2019nin demokrasi karnesini olumsuz etkilemektedir.<\/strong><\/p>\n\n\n\n<p>T\u00fcrkiye\u2019nin <strong>yarg\u0131 ba\u011f\u0131ms\u0131zl\u0131\u011f\u0131 ivedi bir \u015fekilde tesis etmesi, insan haklar\u0131 ve hukukun \u00fcst\u00fcnl\u00fc\u011f\u00fc konular\u0131nda evrensel insani de\u011ferlere uygun olarak reformlar yapmas\u0131, i\u015fkence ve k\u00f6t\u00fc mualamele uygulamalar\u0131n\u0131 acilen engellemesi<\/strong> gereklili\u011fi giderek daha belirgin hale gelmektedir. Aksi halde, \u00fclkenin uluslararas\u0131 alandaki itibar\u0131 zedelenmeye devam edecek ve demokratik gerileme s\u00fcreci h\u0131zlanacakt\u0131r.<\/p>\n\n\n\n<p>Bu ve benzeri raporlar , uluslararas\u0131 toplumun T\u00fcrkiye\u2019ye y\u00f6nelik politikas\u0131n\u0131 belirlemede \u00f6nemli bir kaynak olarak de\u011ferlendirilmektedir. Ayr\u0131ca &nbsp;Avrupa Birli\u011fi \u00dclkeleri &nbsp;ve uluslararas\u0131 insan haklar\u0131 \u00f6rg\u00fctleri, T\u00fcrkiye\u2019nin reform s\u00fcre\u00e7lerini yak\u0131ndan takip etmekte ve insan haklar\u0131 ihlallerine kar\u015f\u0131 g\u00f6r\u00fc\u015flerini bu raporlar ile kay\u0131t alt\u0131na almaktad\u0131r. &nbsp;<\/p>\n\n\n\n<p>T\u00fcrkiye\u2019de iktidar ve muhalefeti ile ile t\u00fcm kesimlerin bu raporlar\u0131 dikkatlice de\u011ferlendirmeleri ve \u00fclke insanlar\u0131n\u0131n refah ve mutlulu\u011fu i\u00e7in anti demokratik uygulamalara bir an \u00f6nce son vermek &nbsp;i\u00e7in gerekenleri ivedi bir \u015fekilde yapmalar\u0131 gerekir.<\/p>\n\n\n\n<p><strong>Unutmamak gerekir ki hukuka sayg\u0131, adalet olan inan\u00e7 ve &nbsp;insan haklar\u0131 artt\u0131k\u00e7a insanlar mutlu olur . Halklar\u0131 \u00f6zg\u00fcr ve mutlu olan devletler ise daima daha sayg\u0131n ve g\u00fc\u00e7l\u00fc olacaklard\u0131r.<\/strong><\/p>\n\n\n\n<p>Sayg\u0131lar\u0131m\u0131zla.<\/p>\n\n\n\n<p><strong>AvukatHHT Dan\u0131\u015fmanl\u0131k <\/strong><\/p>\n\n\n\n<p><\/p>\n\n\n\n<p><\/p>\n\n\n\n<p>Hollanda D\u0131\u015f\u0130\u015fleri Bakanl\u0131\u011f\u0131n\u0131n 2024 y\u0131l\u0131 t\u00fcrkiye Raporuna;<\/p>\n\n\n\n<p> https:\/\/www.rijksoverheid.nl\/documenten\/ambtsberichten\/2025\/02\/24\/algemeen-ambtsbericht-turkije-februari-2025   <\/p>\n\n\n\n<p>adresinden ula\u015fabilirsiniz. <\/p>\n\n\n\n<p><\/p>","protected":false},"excerpt":{"rendered":"<p>T\u00fcrkiye, son y\u0131llarda siyasi, hukuk ve insan haklar\u0131 alanlar\u0131nda \u00f6nemli de\u011fi\u015fimler ve zorluklarla kar\u015f\u0131 kar\u015f\u0131ya kalm\u0131\u015ft\u0131r. Hollanda D\u0131si\u015fleri Bakanl\u0131\u011f\u0131 t\u00fcm<\/p>","protected":false},"author":1,"featured_media":17332,"comment_status":"open","ping_status":"open","sticky":false,"template":"","format":"standard","meta":{"_coblocks_attr":"","_coblocks_dimensions":"","_coblocks_responsive_height":"","_coblocks_accordion_ie_support":"","footnotes":""},"categories":[83,81,77,76],"tags":[],"class_list":["post-17113","post","type-post","status-publish","format-standard","has-post-thumbnail","hentry","category-mesleki-makaleler","category-gocmen-gozuyle","category-hukuki-danismanlik","category-iltica-hukuku"],"_links":{"self":[{"href":"https:\/\/avukathht.com\/en\/wp-json\/wp\/v2\/posts\/17113","targetHints":{"allow":["GET"]}}],"collection":[{"href":"https:\/\/avukathht.com\/en\/wp-json\/wp\/v2\/posts"}],"about":[{"href":"https:\/\/avukathht.com\/en\/wp-json\/wp\/v2\/types\/post"}],"author":[{"embeddable":true,"href":"https:\/\/avukathht.com\/en\/wp-json\/wp\/v2\/users\/1"}],"replies":[{"embeddable":true,"href":"https:\/\/avukathht.com\/en\/wp-json\/wp\/v2\/comments?post=17113"}],"version-history":[{"count":1,"href":"https:\/\/avukathht.com\/en\/wp-json\/wp\/v2\/posts\/17113\/revisions"}],"predecessor-version":[{"id":17118,"href":"https:\/\/avukathht.com\/en\/wp-json\/wp\/v2\/posts\/17113\/revisions\/17118"}],"wp:featuredmedia":[{"embeddable":true,"href":"https:\/\/avukathht.com\/en\/wp-json\/wp\/v2\/media\/17332"}],"wp:attachment":[{"href":"https:\/\/avukathht.com\/en\/wp-json\/wp\/v2\/media?parent=17113"}],"wp:term":[{"taxonomy":"category","embeddable":true,"href":"https:\/\/avukathht.com\/en\/wp-json\/wp\/v2\/categories?post=17113"},{"taxonomy":"post_tag","embeddable":true,"href":"https:\/\/avukathht.com\/en\/wp-json\/wp\/v2\/tags?post=17113"}],"curies":[{"name":"wp","href":"https:\/\/api.w.org\/{rel}","templated":true}]}}