{"id":17258,"date":"2025-11-12T16:16:23","date_gmt":"2025-11-12T16:16:23","guid":{"rendered":"https:\/\/avukathht.com\/?p=17258"},"modified":"2025-11-13T17:56:48","modified_gmt":"2025-11-13T17:56:48","slug":"asielnoodmaatregelenwet","status":"publish","type":"post","link":"https:\/\/avukathht.com\/en\/2025\/11\/asielnoodmaatregelenwet\/","title":{"rendered":"Asielnoodmaatregelenwet"},"content":{"rendered":"<p><strong>(\u0130ltica Acil Eylem Yasas\u0131 ) \u00dczerine<\/strong><\/p>\n\n\n\n<p><strong>Hukuki ve Toplumsal De\u011ferlendirme Raporu<\/strong><\/p>\n\n\n\n<p><strong>1. Giri\u015f<\/strong><\/p>\n\n\n\n<p>Hollanda Parlamentosu taraf\u0131ndan kabul edilerek Senato g\u00fcndemine ta\u015f\u0131nan <strong>Asielnoodmaatregelenwet <\/strong>\u201c\u0130ltica Acil Eylem Yasas\u0131\u201d, kamuoyunda <strong>&nbsp;Asielwet<\/strong> \u201c\u0130ltica Yasas\u0131\u201d olarak biliniyor.&nbsp; Bu yasa, s\u0131\u011f\u0131nma basvurular\u0131n\u0131 azaltmay\u0131 hedefledi\u011fini belirtmekle birlikte, i\u00e7eri\u011fi itibariyle <strong>s\u0131\u011f\u0131nmac\u0131lar\u0131n temel haklar\u0131n\u0131 s\u0131n\u0131rland\u0131ran, entegrasyonu zay\u0131flatan ve hukuk devleti ilkesini sarsabilecek<\/strong> d\u00fczenlemeler i\u00e7ermektedir.<\/p>\n\n\n\n<p>Bu de\u011ferlendirme, yaln\u0131zca bir hukuk\u00e7u olarak de\u011fil, ayn\u0131 zamanda &nbsp;Hollanda\u2019ya iltica etmi\u015f s\u0131\u011f\u0131nmac\u0131lara g\u00f6n\u00fcll\u00fc olarak destek olan ki\u015filer ve bu s\u00fcreci birebir ya\u015fayan ki\u015filerle irebirde g\u00f6r\u00fc\u015ferek sahadan edinilen tecr\u00fcbeler \u0131\u015f\u0131\u011f\u0131nda haz\u0131rlanm\u0131\u015ft\u0131r.<br>Ama\u00e7, bu yasan\u0131n hem <strong>hukuki<\/strong> hem de <strong>insani<\/strong> boyutlar\u0131yla olas\u0131 etkilerini objektif bi\u00e7imde kamuoyuna ve karar vericilere aktarmakt\u0131r.<\/p>\n\n\n\n<p><strong>2. Yasan\u0131n Temel D\u00fczenlemeleri<\/strong><\/p>\n\n\n\n<p>Asielwet kapsam\u0131nda \u00f6ng\u00f6r\u00fclen ba\u015fl\u0131ca de\u011fi\u015fiklikler \u015funlard\u0131r:<\/p>\n\n\n\n<ul class=\"wp-block-list\">\n<li>Ge\u00e7ici s\u0131\u011f\u0131nma izni s\u00fcresi <strong>5 y\u0131ldan 3 y\u0131la d\u00fc\u015f\u00fcr\u00fclmektedir.<\/strong><\/li>\n\n\n\n<li><strong>S\u00fcresiz oturum hakk\u0131<\/strong> (verblijfsvergunning voor onbepaalde tijd) <strong>kald\u0131r\u0131lmaktad\u0131r.<\/strong><\/li>\n\n\n\n<li><strong>Aile birle\u015fimi hakk\u0131 (nareis)<\/strong> \u00f6nemli \u00f6l\u00e7\u00fcde <strong>daralt\u0131lmaktad\u0131r.<\/strong><\/li>\n\n\n\n<li>Red niyet mektubu uygulamas\u0131 \u201c<strong>Voornemenprocedure<\/strong>\u201d gibi a\u015famalar kald\u0131r\u0131larak s\u0131\u011f\u0131nma s\u00fcreci k\u0131salt\u0131lmaktad\u0131r.<\/li>\n\n\n\n<li>Tekrarlayan ba\u015fvurularda \u201cverwijtbaarheidstoets\u201d (kusurluluk de\u011ferlendirmesi ) gibi yeni engeller getirilmektedir.<\/li>\n\n\n\n<li>\u0130ltica edenlere yard\u0131m eden bireylere y\u00f6nelik cezai yapt\u0131r\u0131mlar geni\u015fletilmektedir.<\/li>\n<\/ul>\n\n\n\n<p><strong>3. Dan\u0131\u015ftay (Raad van State) G\u00f6r\u00fc\u015f\u00fc<\/strong><\/p>\n\n\n\n<p>Hollanda Dan\u0131\u015ftay\u2019\u0131 (Raad van State) yasa tasar\u0131s\u0131na ili\u015fkin yapt\u0131\u011f\u0131 de\u011ferlendirmede \u015fu \u00f6nemli tespitlerde bulunmu\u015ftur:<\/p>\n\n\n\n<ol start=\"1\" class=\"wp-block-list\">\n<li><strong>Ama\u00e7 ile ara\u00e7 aras\u0131nda orant\u0131s\u0131zl\u0131k vard\u0131r.<\/strong><\/li>\n<\/ol>\n\n\n\n<p>Yasan\u0131n, s\u0131\u011f\u0131nma ba\u015fvurular\u0131n\u0131 ger\u00e7ekten azaltaca\u011f\u0131na dair ikna edici bir analiz bulunmamaktad\u0131r.<\/p>\n\n\n\n<ol start=\"2\" class=\"wp-block-list\">\n<li><strong>Hukuki g\u00fcvenlik ilkesi zedelenmektedir.<\/strong><\/li>\n<\/ol>\n\n\n\n<p>Yasan\u0131n ge\u00e7mi\u015fte yap\u0131lan ba\u015fvurulara da uygulanabilece\u011fi y\u00f6n\u00fcndeki belirsizlik, hukuk devletine olan g\u00fcveni sarsacakt\u0131r.<\/p>\n\n\n\n<ol start=\"3\" class=\"wp-block-list\">\n<li><strong>Uygulama kapasitesi ve maliyet dikkate al\u0131nmam\u0131\u015ft\u0131r.<\/strong><\/li>\n<\/ol>\n\n\n\n<p>Yeni d\u00fczenlemeler, IND ve yarg\u0131 organlar\u0131 \u00fczerinde yeni y\u00fckler olu\u015fturacakt\u0131r.<\/p>\n\n\n\n<ol start=\"4\" class=\"wp-block-list\">\n<li><strong>Avrupa Birli\u011fi hukuku ile uyum sorunu vard\u0131r.<\/strong><\/li>\n<\/ol>\n\n\n\n<p>AB\u2019nin 2026\u2019da y\u00fcr\u00fcrl\u00fc\u011fe girecek olan G\u00f6\u00e7 ve \u0130ltica Pakt\u0131 ile uyumlu bir ge\u00e7i\u015f plan\u0131 \u00f6ng\u00f6r\u00fclmemi\u015ftir.<\/p>\n\n\n\n<p><strong>4.Yasan\u0131n Olas\u0131 Etkileri<\/strong><\/p>\n\n\n\n<p><strong>&nbsp;1. E\u015fitlik \u0130lkesinin \u0130hlali<\/strong><\/p>\n\n\n\n<p>Yasa, ayn\u0131 iltica yolu ile oturum alm\u0131\u015f ki\u015fileri farkl\u0131 stat\u00fclerde de\u011ferlendirece\u011fi i\u00e7in <strong>Anayasa\u2019daki e\u015fitlik ilkesine ayk\u0131r\u0131d\u0131r.<\/strong> Bu durum, belirli bir grubun a\u00e7\u0131k bi\u00e7imde dezavantajl\u0131 hale gelmesine yol a\u00e7acakt\u0131r.<\/p>\n\n\n\n<p><strong>2. Hukuka Olan G\u00fcvenin Zedelenmesi<\/strong><\/p>\n\n\n\n<p>\u0130ltica ba\u015fvurusunu y\u00fcr\u00fcrl\u00fckteki yasalar \u00e7er\u00e7evesinde yapan ki\u015filerin, s\u00fcreci devam ederken yeni kurallarla kar\u015f\u0131la\u015fmas\u0131, <strong>hukuk g\u00fcvenli\u011fi<\/strong> ilkesini ihlal edecektir.<br>Hollanda hukuk sistemine olan g\u00fcven ciddi bi\u00e7imde sars\u0131lacakt\u0131r.<\/p>\n\n\n\n<p><strong>3. Entegrasyonun Zay\u0131flamas\u0131<\/strong><\/p>\n\n\n\n<p>Ge\u00e7ici izinlerin kal\u0131c\u0131 hale gelmemesi, bireylerin uzun vadeli plan yapamamas\u0131na neden olacakt\u0131r. Gelecek umudu zedelenen m\u00fcltecilerin <strong>topluma uyumu ve i\u015f g\u00fcc\u00fcne kat\u0131l\u0131m\u0131<\/strong> ciddi bi\u00e7imde olumsuz etkilenecektir.<\/p>\n\n\n\n<p><strong>4. \u0130nsani Ma\u011fduriyetlerin Artmas\u0131<\/strong><\/p>\n\n\n\n<p>Zaten uzun s\u00fcren iltica s\u00fcre\u00e7lerinin ard\u0131ndan, yeni k\u0131s\u0131tlamalar \u00f6zellikle <strong>kad\u0131nlar ve \u00e7ocuklar \u00fczerinde<\/strong> a\u011f\u0131r psikolojik etkiler yaratacakt\u0131r. Ka\u00e7ak durumda olan insanlara sadece insani nedenlerle yard\u0131m edenlerin su\u00e7lu say\u0131lmas\u0131, <strong>dayan\u0131\u015fma k\u00fclt\u00fcr\u00fcne zarar<\/strong> verecektir.<\/p>\n\n\n\n<p>Ayr\u0131ca aile birle\u015fimi k\u0131s\u0131tlamalar\u0131, y\u0131llard\u0131r \u00e7ocuklar\u0131ndan ayr\u0131 ya\u015fayan ebeveynleri <strong>kal\u0131c\u0131 bir ayr\u0131l\u0131\u011fa mahk\u00fbm edecektir.<\/strong><\/p>\n\n\n\n<p><strong>5. Yarg\u0131 Sistemine Ek Y\u00fck<\/strong><\/p>\n\n\n\n<p>Dan\u0131\u015ftay\u2019\u0131n da belirtti\u011fi gibi, yasa y\u00fcr\u00fcrl\u00fc\u011fe girerse binlerce yeni dava a\u00e7\u0131lacak, mahkemelerin i\u015f y\u00fck\u00fc artacakt\u0131r. Bu durum hem <strong>yarg\u0131 s\u00fcre\u00e7lerini uzatacak<\/strong> hem de devlete ilave mali y\u00fck getirecektir.<\/p>\n\n\n\n<p><strong>6. Sosyal ve Ekonomik Sonu\u00e7lar<\/strong><\/p>\n\n\n\n<p>M\u00fcltecilerin sosyal konutlardan d\u0131\u015flanmas\u0131, bar\u0131nma krizini \u00e7\u00f6zmeyece\u011fi gibi, <strong>toplumsal huzursuzlu\u011fu art\u0131racakt\u0131r.<\/strong> \u0130\u015f bulan bireyler ev kiralayamayacak, kamp ya\u015fam\u0131 uzayacakt\u0131r. Bu da hem maliyetleri y\u00fckseltecek hem entegrasyonu daha da geciktirecektir.<\/p>\n\n\n\n<p><strong>7. Toplumsal Huzur Riski<\/strong><\/p>\n\n\n\n<p>Gelecek g\u00f6remeyen bireylerin say\u0131s\u0131n\u0131n artmas\u0131, sosyal patlamalar ve g\u00fcvenlik sorunlar\u0131na zemin haz\u0131rlayabilir. Toplumda kutupla\u015fma ve \u00f6tekile\u015ftirme e\u011filimi g\u00fc\u00e7lenebilir.<\/p>\n\n\n\n<p><strong>5. Genel De\u011ferlendirme<\/strong><\/p>\n\n\n\n<p>Asielwet, \u015feklen \u201cacil \u00e7\u00f6z\u00fcm\u201d sunan bir yasa gibi g\u00f6r\u00fcnse de, \u00f6z\u00fcnde <strong>uzun vadede daha b\u00fcy\u00fck sosyal ve hukuki sorunlara<\/strong> yol a\u00e7ma riski ta\u015f\u0131maktad\u0131r.<br>Yasan\u0131n amac\u0131 s\u0131\u011f\u0131nma sistemini rahatlatmak olsa da, sonu\u00e7lar\u0131 itibariyle:<\/p>\n\n\n\n<ul class=\"wp-block-list\">\n<li>\u0130nsan haklar\u0131na dayal\u0131 hukuk sistemine zarar verebilir,<\/li>\n\n\n\n<li>Entegrasyon politikalar\u0131n\u0131 zay\u0131flatabilir,<\/li>\n\n\n\n<li>Hollanda\u2019n\u0131n uluslararas\u0131 itibar\u0131 \u00fczerinde g\u00f6lge olu\u015fturabilir.<\/li>\n<\/ul>\n\n\n\n<p>Hollanda, tarih boyunca adalet, e\u015fitlik ve insan haklar\u0131na ba\u011fl\u0131l\u0131\u011f\u0131 ile \u00f6rnek olmu\u015f bir \u00fclkedir. Bu yasan\u0131n bu hali ile kabul edilmemesi , yaln\u0131zca m\u00fcltecilerin de\u011fil, <strong>Hollanda\u2019n\u0131n hukuk devleti kimli\u011finin<\/strong> korunmas\u0131 a\u00e7\u0131s\u0131ndan da hayati \u00f6nem ta\u015f\u0131maktad\u0131r.<\/p>\n\n\n\n<ul class=\"wp-block-list\">\n<li><strong>Sonu\u00e7<\/strong><\/li>\n<\/ul>\n\n\n\n<p>Asielnoodmaatregelenwet\u2019in y\u00fcr\u00fcrl\u00fc\u011fe girmesi halinde:<\/p>\n\n\n\n<ul class=\"wp-block-list\">\n<li>Hukuki e\u015fitlik ilkesi zedelenecek,<\/li>\n\n\n\n<li>Toplumsal uyum ve entegrasyon zarar g\u00f6recek,<\/li>\n\n\n\n<li>\u0130nsani ma\u011fduriyetler artacakt\u0131r.<\/li>\n<\/ul>\n\n\n\n<p>Bu nedenle Senato\u2019nun, Anayasa\u2019n\u0131n temel ilkeleri, insan haklar\u0131na sayg\u0131 ve sosyal bar\u0131\u015f\u0131n korunmas\u0131 ad\u0131na bu yasa tasar\u0131s\u0131n\u0131 <strong>reddetmesi gerekti\u011fi<\/strong> kanaatindeyiz.<\/p>\n\n\n\n<p>Sayg\u0131lar\u0131mla<\/p>\n\n\n\n<p><strong>Av. H. H\u00fcseyin TANRIVERD\u0130<\/strong><\/p>\n\n\n\n<p>G\u00f6\u00e7menlik Hukuku Uzman\u0131 \u2013 Juridisch Adviseur<\/p>\n\n\n\n<p><\/p>","protected":false},"excerpt":{"rendered":"<p>(\u0130ltica Acil Eylem Yasas\u0131 ) \u00dczerine Hukuki ve Toplumsal De\u011ferlendirme Raporu 1. Giri\u015f Hollanda Parlamentosu taraf\u0131ndan kabul edilerek Senato g\u00fcndemine<\/p>","protected":false},"author":1,"featured_media":17264,"comment_status":"open","ping_status":"open","sticky":false,"template":"","format":"standard","meta":{"_coblocks_attr":"","_coblocks_dimensions":"","_coblocks_responsive_height":"","_coblocks_accordion_ie_support":"","footnotes":""},"categories":[88],"tags":[],"class_list":["post-17258","post","type-post","status-publish","format-standard","has-post-thumbnail","hentry","category-haberler"],"_links":{"self":[{"href":"https:\/\/avukathht.com\/en\/wp-json\/wp\/v2\/posts\/17258","targetHints":{"allow":["GET"]}}],"collection":[{"href":"https:\/\/avukathht.com\/en\/wp-json\/wp\/v2\/posts"}],"about":[{"href":"https:\/\/avukathht.com\/en\/wp-json\/wp\/v2\/types\/post"}],"author":[{"embeddable":true,"href":"https:\/\/avukathht.com\/en\/wp-json\/wp\/v2\/users\/1"}],"replies":[{"embeddable":true,"href":"https:\/\/avukathht.com\/en\/wp-json\/wp\/v2\/comments?post=17258"}],"version-history":[{"count":1,"href":"https:\/\/avukathht.com\/en\/wp-json\/wp\/v2\/posts\/17258\/revisions"}],"predecessor-version":[{"id":17259,"href":"https:\/\/avukathht.com\/en\/wp-json\/wp\/v2\/posts\/17258\/revisions\/17259"}],"wp:featuredmedia":[{"embeddable":true,"href":"https:\/\/avukathht.com\/en\/wp-json\/wp\/v2\/media\/17264"}],"wp:attachment":[{"href":"https:\/\/avukathht.com\/en\/wp-json\/wp\/v2\/media?parent=17258"}],"wp:term":[{"taxonomy":"category","embeddable":true,"href":"https:\/\/avukathht.com\/en\/wp-json\/wp\/v2\/categories?post=17258"},{"taxonomy":"post_tag","embeddable":true,"href":"https:\/\/avukathht.com\/en\/wp-json\/wp\/v2\/tags?post=17258"}],"curies":[{"name":"wp","href":"https:\/\/api.w.org\/{rel}","templated":true}]}}