{"id":17317,"date":"2025-11-15T18:30:51","date_gmt":"2025-11-15T18:30:51","guid":{"rendered":"https:\/\/avukathht.com\/?p=17317"},"modified":"2025-11-15T19:01:31","modified_gmt":"2025-11-15T19:01:31","slug":"bir-gocmen-gozuyle","status":"publish","type":"post","link":"https:\/\/avukathht.com\/en\/2025\/11\/bir-gocmen-gozuyle\/","title":{"rendered":"B\u0130R G\u00d6\u00c7MEN G\u00d6Z\u00dcYLE"},"content":{"rendered":"<div data-elementor-type=\"wp-post\" data-elementor-id=\"17317\" class=\"elementor elementor-17317\">\n\t\t\t\t\t\t<section class=\"wd-negative-gap elementor-section elementor-top-section elementor-element elementor-element-63c45238 elementor-section-boxed elementor-section-height-default elementor-section-height-default\" data-id=\"63c45238\" data-element_type=\"section\" data-e-type=\"section\">\n\t\t\t\t\t\t<div class=\"elementor-container elementor-column-gap-default\">\n\t\t\t\t\t<div class=\"elementor-column elementor-col-100 elementor-top-column elementor-element elementor-element-49ef8e51\" data-id=\"49ef8e51\" data-element_type=\"column\" data-e-type=\"column\">\n\t\t\t<div class=\"elementor-widget-wrap elementor-element-populated\">\n\t\t\t\t\t\t<div class=\"elementor-element elementor-element-561e8306 color-scheme-inherit text-left elementor-widget elementor-widget-text-editor\" data-id=\"561e8306\" data-element_type=\"widget\" data-e-type=\"widget\" data-widget_type=\"text-editor.default\">\n\t\t\t\t<div class=\"elementor-widget-container\">\n\t\t\t\t\t\t\t\t\t\n<p><strong>Yeni bir se\u00e7menin g\u00f6z\u00fcyle se\u00e7im sonucu ;&nbsp;&nbsp;<\/strong><\/p>\n\n\n\n<p><strong>Daha iyi bir Hollanda&nbsp; M\u00dcMK\u00dcN&nbsp;<\/strong><\/p>\n\n\n\n<p>29 Ekim 2025\u2026<\/p>\n\n\n\n<p>Benim i\u00e7in bu tarih her zaman anlaml\u0131yd\u0131. T\u00fcrkiye Cumhuriyeti\u2019nin kurulu\u015f y\u0131ld\u00f6n\u00fcm\u00fc olmas\u0131, \u00e7ocuklu\u011fumdan beri i\u00e7imde bir gurur duygusu uyand\u0131r\u0131rd\u0131.<\/p>\n\n\n\n<p>Ama bu y\u0131l o g\u00fcn \u00e7ok daha farkl\u0131 bir anlam ta\u015f\u0131yordu. \u00c7\u00fcnk\u00fc ilk kez, bir Hollanda vatanda\u015f\u0131 olarak sand\u0131\u011fa gittim.<\/p>\n\n\n\n<p><strong>Uzun Bir Yolun Ard\u0131ndan<\/strong><\/p>\n\n\n\n<p>Hayat bazen insan\u0131 hi\u00e7 tahmin etmedi\u011fi yerlere s\u00fcr\u00fckl\u00fcyor.<\/p>\n\n\n\n<p>Ben, T\u00fcrkiye\u2019de 16 y\u0131l avukatl\u0131k yapm\u0131\u015f, hukukla, adaletle ve insan haklar\u0131yla i\u00e7 i\u00e7e bir hayat s\u00fcrd\u00fcrm\u00fc\u015ft\u00fcm. Muhafazakar bir ailede b\u00fcy\u00fcd\u00fcm ama her zaman demokrasiden ve \u00f6zg\u00fcrl\u00fcklerden yana oldum. AK Parti\u2019nin ilk y\u0131llar\u0131nda Avrupa Birli\u011fi \u00fcyelik&nbsp; s\u00fcrecine olan inanc\u0131, reform vaatleri beni de umutland\u0131rm\u0131\u015ft\u0131.<\/p>\n\n\n\n<p>Ancak y\u0131llar ge\u00e7tik\u00e7e o umutlar yerini hayal k\u0131r\u0131kl\u0131\u011f\u0131na b\u0131rakt\u0131.<\/p>\n\n\n\n<p>Yolsuzluk haberleri, hukuksuzluklar, adaleti temsil edenlerin&nbsp; siyasetin k\u00f6lesi haline gelmesi\u2026<\/p>\n\n\n\n<p>Benim gibi d\u00fc\u015f\u00fcnen bir\u00e7ok insan gibi ben de sessiz kalamad\u0131m. O d\u00f6nem muhalif ve vatansever bir muhalefet partisinde&nbsp; siyasete kat\u0131ld\u0131m ve 2014 yerel se\u00e7imlerinde ya\u015fad\u0131\u011f\u0131m yerin belediye meclis \u00fcyesi aday\u0131 oldum.<\/p>\n\n\n\n<p>Hukukun ve adaletin olmad\u0131\u011f\u0131&nbsp; yerde adil bir se\u00e7imin olamayaca\u011f\u0131n\u0131 ya\u015fayarak \u00f6\u011frendim.&nbsp;<\/p>\n\n\n\n<p>Maalesef bu secimlerden sonra iktidar partisi giderek hukuktan uzakla\u015fmaya ba\u015flad\u0131 ve&nbsp; T\u00fcrkiye\u2019de muhalif olmak giderek zorla\u015ft\u0131. 15 Temmuz 2016\u2019daki darbe giri\u015fiminden sonra \u00fclkede adalet kavram\u0131 neredeyse tamamen yok oldu. O d\u00f6nemde iktidara muhalif oldu\u011fum i\u00e7in benim hakk\u0131mda da soru\u015fturma a\u00e7\u0131ld\u0131.<\/p>\n\n\n\n<p>Ve sonunda, en zor kararlardan birini verdim:<\/p>\n\n\n\n<p>Cezaevine girerek ailemin hayat\u0131n\u0131 karartmak&nbsp; yerine e\u015fim ve d\u00f6rt \u00e7ocu\u011fumla birlikte \u00fclkemden ayr\u0131ld\u0131m.<\/p>\n\n\n\n<p><strong>Hollanda bizim i\u00e7in sadece g\u00fcvenli bir liman de\u011fil.Daha da fazlas\u0131\u2026<\/strong><\/p>\n\n\n\n<p>2018 Temmuz\u2019unda Hollanda\u2019ya geldik. O g\u00fcn bug\u00fcnd\u00fcr bu \u00fclkede ya\u015f\u0131yorum. \u0130lk y\u0131llar kolay de\u011fildi elbette. Yeni bir dil, yeni bir k\u00fclt\u00fcr, s\u0131f\u0131rdan kurulan bir hayat\u2026<\/p>\n\n\n\n<p>Ama Hollanda bize hukukun \u00fcst\u00fcnl\u00fc\u011f\u00fcn\u00fcn, toplumsal huzurun ve insan onuruna sayg\u0131n\u0131n ne kadar de\u011ferli&nbsp; oldu\u011funu \u00f6\u011fretti.<\/p>\n\n\n\n<p>Bug\u00fcn m\u00fcltecilere hukuki dan\u0131\u015fmanl\u0131k hizmeti veriyorum ve&nbsp; ayn\u0131 zamanda kendi taksimde Uber ve Bolt \u015fof\u00f6rl\u00fc\u011f\u00fcyle ge\u00e7imimi sa\u011fl\u0131yorum.<\/p>\n\n\n\n<p>Her sabah direksiyon ba\u015f\u0131na ge\u00e7ti\u011fimde, bu \u00fclkenin bana ve aileme sundu\u011fu imkanlar ve&nbsp; g\u00fcvenli ortam i\u00e7in Hollanda insanlar\u0131na g\u00f6n\u00fclden te\u015fekk\u00fcr ediyorum.&nbsp;<\/p>\n\n\n\n<p>Burada,&nbsp; insanlar farkl\u0131 k\u00f6kenlerden gelse de&nbsp; herkesin hukuku ayn\u0131 \u00f6l\u00e7\u00fcde korunuyor. Kanunlar ki\u015filere g\u00f6re e\u011filip b\u00fck\u00fclm\u00fcyor.Anayasa da yaz\u0131l\u0131 olan e\u015fitlik ilkesi herkese e\u015fit uygulaniyor. Buna g\u00f6n\u00fclden inan\u0131yorum. Her yerde olabilecek&nbsp; \u015fah\u0131slardan kaynakl\u0131 k\u00fc\u00e7\u00fck sorunlar olsada bu \u00fclkede&nbsp; toplumsal huzur ve g\u00fcveni bozacak buyuk sorunlar yok.&nbsp; Bu nedenle&nbsp; burada kendimi evimde hissediyorum.&nbsp;&nbsp;<\/p>\n\n\n\n<p><strong>2025 Se\u00e7imleri: \u00d6zg\u00fcrl\u00fckten Yana Bir Oy<\/strong><\/p>\n\n\n\n<p>Ge\u00e7en y\u0131l vatanda\u015fl\u0131k hakk\u0131n\u0131 ald\u0131m. Ve 29 Ekim 2025 g\u00fcn\u00fc, elimde oy pusulas\u0131yla sand\u0131\u011fa gitti\u011fimde kalbim heyecanla \u00e7arp\u0131yordu.<\/p>\n\n\n\n<p>Y\u0131llar \u00f6nce T\u00fcrkiye\u2019de oy kullan\u0131rken hissetti\u011fim bask\u0131 ve g\u00fcvensizlik hissinin tam tersini ya\u015fad\u0131m.<\/p>\n\n\n\n<p>Kimse bana ne yapmam gerekti\u011fini s\u00f6ylemiyordu. Kimse beni yarg\u0131lam\u0131yordu. Sadece \u00f6zg\u00fcr bir birey olarak, vicdan\u0131mla karar veriyordum.<\/p>\n\n\n\n<p>Burada guzel bir sistem var. Secime kat\u0131lacak partilerin vaadleri ve egilimleri belli oldugu icin interaktif bir anket ile size en uygun partiyi tespit edebiliyorsunuz. Bende secim oncesinde bu ankete kat\u0131larak bana en uygun partiyi tespit ettim.&nbsp;<\/p>\n\n\n\n<p>Demokratik de\u011ferleri, Avrupa Birli\u011fi politikalar\u0131n\u0131 ve g\u00f6\u00e7men haklar\u0131n\u0131 evrensel insani de\u011ferlere uygun olarak&nbsp; savundu\u011fu i\u00e7in D66 partisine oy verdim.<\/p>\n\n\n\n<p>Ve se\u00e7im sonu\u00e7lar\u0131 a\u00e7\u0131kland\u0131\u011f\u0131nda y\u00fcz\u00fcmde b\u00fcy\u00fck bir tebess\u00fcm vard\u0131: D66 birinci oldu. Toplumu a\u015f\u0131r\u0131 milliyet\u00e7i s\u00f6ylemleri ile&nbsp; b\u00f6lmeye&nbsp; \u00e7al\u0131san, g\u00f6\u00e7men kar\u015f\u0131t\u0131 ve islam d\u00fc\u015fman\u0131 &nbsp; a\u015f\u0131r\u0131 sa\u011fc\u0131 Wilders ise hem oy hem sandalye kaybetti.<\/p>\n\n\n\n<p>O an, i\u00e7imden \u201cHollanda \u00f6zg\u00fcrl\u00fcklerine sahip \u00e7\u0131kt\u0131\u201d dedim.<\/p>\n\n\n\n<p><strong>Bu \u00fclke, korkunun de\u011fil akl\u0131n; nefretin de\u011fil insanl\u0131\u011f\u0131n kazand\u0131\u011f\u0131 bir \u00fclke.<\/strong><\/p>\n\n\n\n<p><strong>Bu \u00fclke herkesi konumunda ve e\u015fit kabul eden g\u00fczel insanlar\u0131n \u00fclkesi.&nbsp;<\/strong><\/p>\n\n\n\n<p><strong>Art\u0131k Ben de Bu \u00dclkenin Bir Par\u00e7as\u0131y\u0131m<\/strong><\/p>\n\n\n\n<p>Bu se\u00e7imle birlikte, sadece Hollanda\u2019n\u0131n gelece\u011fine de\u011fil, kendi gelece\u011fime ve \u00e7ocuklar\u0131m\u0131n gelece\u011fine&nbsp; de oy verdim.<\/p>\n\n\n\n<p>\u00c7\u00fcnk\u00fc art\u0131k biz de bu \u00fclkenin bir par\u00e7as\u0131y\u0131z.<\/p>\n\n\n\n<p>Yeni bir Hollandal\u0131 olarak, bu \u00fclkenin demokrasisine, adaletine ve \u00f6zg\u00fcrl\u00fcklerine katk\u0131 sunabilmenin gururunu ya\u015f\u0131yorum.<\/p>\n\n\n\n<p>Bazen ge\u00e7mi\u015fime d\u00f6n\u00fcp bakt\u0131\u011f\u0131mda ac\u0131 bir g\u00fcl\u00fcmsemeyle \u015funu d\u00fc\u015f\u00fcn\u00fcyorum:<\/p>\n\n\n\n<p><strong>Beni \u00fclkemden koparan \u015fey asl\u0131nda adaletsizlikti; ama beni Hollanda\u2019ya ba\u011flayan \u015fey de&nbsp; yine adalet oldu.<\/strong><\/p>\n\n\n\n<p>&nbsp;Bu se\u00e7imlerde g\u00f6rd\u00fcm ki&nbsp; gercek hukuk devleti m\u00fcmk\u00fcn ve adalet sadece gercek hukuk devletlerinde oluyor.&nbsp;<\/p>\n\n\n\n<p>Hukuk devletlerinde bireylerin hak ve menfaatleri yine bireylerin \u00f6zg\u00fcr kararlar\u0131 ile teminat alt\u0131nda. Bireyler geleceklerini hicbir etki alt\u0131nda kalmadan \u00f6zg\u00fcrce \u015fekillendiriyor.&nbsp;<\/p>\n\n\n\n<p>Hollandan\u0131n sa\u011f duyulu insanlar\u0131 \u00f6zg\u00fcr iradeleri&nbsp; ile hukukun \u00fcst\u00fcnl\u00fc\u011f\u00fcn\u00fc , anayasa tarafindan teminat alt\u0131na al\u0131nan \u00f6zg\u00fcl\u00fcklerini , toplumsal birlik ve beraberli\u011fi , farkl\u0131 milletlerden insanlar ile bir arada ya\u015fama ho\u015fg\u00f6r\u00fcs\u00fcn\u00fc korumu\u015f oldu.<\/p>\n\n\n\n<p>&nbsp;Halk\u0131n bu tercihinden sonra toplumun farkl\u0131 kesimlerini temsil eden partilerin geni\u015f kat\u0131l\u0131m\u0131 ile kurulacak bir h\u00fck\u00fcmetin yeni \u00fclkeme hay\u0131rl\u0131 hizmetler verece\u011fine inan\u0131yorum.&nbsp;<\/p>\n\n\n\n<p>Ve bug\u00fcn, b\u00fct\u00fcn kalbimle s\u00f6yl\u00fcyorum:<\/p>\n\n\n\n<p>Hollanda\u2019ya g\u00fcveniyorum.<\/p>\n\n\n\n<p>\u0130nsan\u0131na, hukukuna, vicdan\u0131na inan\u0131yorum.<\/p>\n\n\n\n<p>Bu \u00fclke bana sadece yeni bir hayat de\u011fil, yeniden inanma g\u00fcc\u00fc verdi.<\/p>\n\n\n\n<p>Bir dostumun dedi\u011fi gibi&nbsp;<\/p>\n\n\n\n<p>\u201c Vatan umutlar\u0131n ye\u015ferdi\u011fi yerdir\u201d.<\/p>\n\n\n\n<p>Bu \u00fclke benim ve ailemin umutlar\u0131m\u0131n ye\u015ferdigi yeni vatan.&nbsp;<\/p>\n\n\n\n<p>As\u0131l vatan\u0131m gibi buras\u0131 da benim i\u00e7in art\u0131k \u00e7ok k\u0131ymetli.&nbsp;<\/p>\n\n\n\n<p>D66 partisinin secim sloganinda dedigi gibi bu k\u0131ymetli vatan\u0131n daha iyi bir yer olmas\u0131 <strong>M\u00dcMK\u00dcN<\/strong>.&nbsp;<\/p>\n\n\n\n<p><strong>H.H\u00fcseyin Tanr\u0131verdi<\/strong><\/p>\n\n\n\n<p><strong>G\u00f6\u00e7men Hukuku Dan\u0131\u015fman\u0131<\/strong><\/p>\n\t\t\t\t\t\t\t\t<\/div>\n\t\t\t\t<\/div>\n\t\t\t\t\t<\/div>\n\t\t<\/div>\n\t\t\t\t\t<\/div>\n\t\t<\/section>\n\t\t\t\t<\/div>","protected":false},"excerpt":{"rendered":"<p>Yeni bir se\u00e7menin g\u00f6z\u00fcyle se\u00e7im sonucu ;&nbsp;&nbsp; Daha iyi bir Hollanda&nbsp; M\u00dcMK\u00dcN&nbsp; 29 Ekim 2025\u2026 Benim i\u00e7in bu tarih her<\/p>","protected":false},"author":1,"featured_media":17325,"comment_status":"open","ping_status":"open","sticky":false,"template":"","format":"standard","meta":{"_coblocks_attr":"","_coblocks_dimensions":"","_coblocks_responsive_height":"","_coblocks_accordion_ie_support":"","footnotes":""},"categories":[81],"tags":[],"class_list":["post-17317","post","type-post","status-publish","format-standard","has-post-thumbnail","hentry","category-gocmen-gozuyle"],"_links":{"self":[{"href":"https:\/\/avukathht.com\/en\/wp-json\/wp\/v2\/posts\/17317","targetHints":{"allow":["GET"]}}],"collection":[{"href":"https:\/\/avukathht.com\/en\/wp-json\/wp\/v2\/posts"}],"about":[{"href":"https:\/\/avukathht.com\/en\/wp-json\/wp\/v2\/types\/post"}],"author":[{"embeddable":true,"href":"https:\/\/avukathht.com\/en\/wp-json\/wp\/v2\/users\/1"}],"replies":[{"embeddable":true,"href":"https:\/\/avukathht.com\/en\/wp-json\/wp\/v2\/comments?post=17317"}],"version-history":[{"count":7,"href":"https:\/\/avukathht.com\/en\/wp-json\/wp\/v2\/posts\/17317\/revisions"}],"predecessor-version":[{"id":17331,"href":"https:\/\/avukathht.com\/en\/wp-json\/wp\/v2\/posts\/17317\/revisions\/17331"}],"wp:featuredmedia":[{"embeddable":true,"href":"https:\/\/avukathht.com\/en\/wp-json\/wp\/v2\/media\/17325"}],"wp:attachment":[{"href":"https:\/\/avukathht.com\/en\/wp-json\/wp\/v2\/media?parent=17317"}],"wp:term":[{"taxonomy":"category","embeddable":true,"href":"https:\/\/avukathht.com\/en\/wp-json\/wp\/v2\/categories?post=17317"},{"taxonomy":"post_tag","embeddable":true,"href":"https:\/\/avukathht.com\/en\/wp-json\/wp\/v2\/tags?post=17317"}],"curies":[{"name":"wp","href":"https:\/\/api.w.org\/{rel}","templated":true}]}}