{"id":17401,"date":"2025-11-18T16:55:27","date_gmt":"2025-11-18T16:55:27","guid":{"rendered":"https:\/\/avukathht.com\/?p=17401"},"modified":"2025-11-25T21:47:22","modified_gmt":"2025-11-25T21:47:22","slug":"bir-gocmen-gozuyle-2","status":"publish","type":"post","link":"https:\/\/avukathht.com\/en\/2025\/11\/bir-gocmen-gozuyle-2\/","title":{"rendered":"BIR G\u00d6\u00c7MEN G\u00d6Z\u00dcYLE"},"content":{"rendered":"<div data-elementor-type=\"wp-post\" data-elementor-id=\"17401\" class=\"elementor elementor-17401\">\n\t\t\t\t\t\t<section class=\"wd-negative-gap elementor-section elementor-top-section elementor-element elementor-element-35c6d3f8 elementor-section-boxed elementor-section-height-default elementor-section-height-default\" data-id=\"35c6d3f8\" data-element_type=\"section\" data-e-type=\"section\">\n\t\t\t\t\t\t<div class=\"elementor-container elementor-column-gap-default\">\n\t\t\t\t\t<div class=\"elementor-column elementor-col-100 elementor-top-column elementor-element elementor-element-2d2be19c\" data-id=\"2d2be19c\" data-element_type=\"column\" data-e-type=\"column\">\n\t\t\t<div class=\"elementor-widget-wrap elementor-element-populated\">\n\t\t\t\t\t\t<div class=\"elementor-element elementor-element-2363cf83 color-scheme-inherit text-left elementor-widget elementor-widget-text-editor\" data-id=\"2363cf83\" data-element_type=\"widget\" data-e-type=\"widget\" data-widget_type=\"text-editor.default\">\n\t\t\t\t<div class=\"elementor-widget-container\">\n\t\t\t\t\t\t\t\t\t<p><\/p>\n<p><strong>Hollanda Dan\u0131\u015ftay\u0131 taraf\u0131ndan verilen ezan karar\u0131: Din \u00d6zg\u00fcrl\u00fc\u011f\u00fc ve Aidiyet<\/strong><\/p>\n<p><\/p>\n<p>&nbsp;\u201c<strong>Ben art\u0131k yeni bir Hollandal\u0131y\u0131m, ama ana vatan\u0131mdaki ezan sesi h\u00e2l\u00e2 i\u00e7imde yank\u0131lan\u0131yor<\/strong>\u201d<\/p>\n<p><\/p>\n<p>Y\u0131llar \u00f6nce bu \u00fclkeye geldi\u011fimde, \u201c\u00f6zg\u00fcrl\u00fck\u201d kavram\u0131n\u0131 kitaplardan de\u011fil, hayat\u0131n i\u00e7inde \u00f6\u011frendim.Zira her yerde \u00f6zg\u00fcrl\u00fc\u011f\u00fcn izleri vard\u0131.<\/p>\n<p><\/p>\n<p>Hollanda\u2019da ilkbaharda \u00e7i\u00e7eklerin a\u00e7t\u0131\u011f\u0131 o sessiz sabahlarda, ku\u015flar\u0131n o g\u00fczel&nbsp; seslerini duydu\u011fumda huzur hissederdim.<\/p>\n<p><\/p>\n<p>Herhangibir ibadethaneye girdi\u011fimde duydu\u011fum sesler de huzur verir bana . Bir camide ezan sesi duydu\u011fumda, ayn\u0131 huzurun ba\u015fka bir t\u0131n\u0131s\u0131 yank\u0131lan\u0131r i\u00e7imde.<\/p>\n<p><\/p>\n<p>\u0130nan\u00e7lar\u0131n farkl\u0131 sesleri&nbsp; bu \u00fclkenin \u00e7ok k\u00fclt\u00fcrl\u00fc ruhunun bir par\u00e7as\u0131yd\u0131. Bir yanda kilise \u00e7an\u0131n\u0131n di\u011fer yanda camilerin ezan sesleri.&nbsp;&nbsp;<\/p>\n<p><\/p>\n<p>Son g\u00fcnlerde Hollanda Dan\u0131\u015ftay\u0131\u2019n\u0131n (Raad van State) verdi\u011fi bir karar, bu seslerin gelece\u011fiyle ilgili \u00f6nemli bir d\u00f6n\u00fcm noktas\u0131na i\u015faret ediyor.Karar&nbsp;<span style=\"font-size: 14px;\">&nbsp;do\u011frudan ezanla ilgili de\u011fil; bir caminin kapat\u0131lmas\u0131n\u0131 talep eden bir ba\u015fvurunun reddedilmesi \u00fczerine verilmi\u015f..<\/span><\/p>\n<p><\/p>\n<p>Ancak Dan\u0131\u015ftay \u00e7ok a\u00e7\u0131k bir mesaj vermi\u015f<\/p>\n<p><\/p>\n<p>\u201c<strong>Belediyeler veya y\u00f6neticiler, bir dini toplulu\u011fun faaliyetini s\u0131n\u0131rland\u0131rmak istiyorsa, bunun i\u00e7in a\u00e7\u0131k, me\u015fru ve orant\u0131l\u0131 bir yasal dayanak olmal\u0131d\u0131r<\/strong>.\u201d<\/p>\n<p><\/p>\n<p>Yani art\u0131k hi\u00e7bir makam, \u201c<strong>toplum rahats\u0131z oluyor\u201d<\/strong> diyerek bir camiyi susturamayacak, bir ibadet alan\u0131n\u0131 keyfi bi\u00e7imde k\u0131s\u0131tlanamayacak..<\/p>\n<p><\/p>\n<p>Bu karar bizlere bir kez daha Hollanda hukukunda din \u00f6zg\u00fcrl\u00fc\u011f\u00fcn\u00fcn koruma s\u0131n\u0131rlar\u0131n\u0131 yeniden hat\u0131rlatt\u0131.<\/p>\n<p><\/p>\n<p><span style=\"font-size: 14px;\">Bir T\u00fcrkiyeli g\u00f6\u00e7men olarak, y\u0131llarca \u201cuyum\u201d kelimesinin g\u00f6lgesinde ya\u015fad\u0131m.<\/span><\/p>\n<p><\/p>\n<p>Uyumdan beklenen bazen sessiz kalmakt\u0131.<\/p>\n<p><\/p>\n<p>Sesimizi y\u00fckseltmeden, kimli\u011fimizi fazla g\u00f6r\u00fcn\u00fcr k\u0131lmadan, \u201ciyi g\u00f6\u00e7men\u201d olmam\u0131z bekleniyordu.<\/p>\n<p><\/p>\n<p>Ama \u015fimdi, Hollanda vatanda\u015f\u0131 olarak sormak istiyorum:<\/p>\n<p><\/p>\n<p>Ezan sesi bu \u00fclkenin sessizli\u011fini mi bozuyor, yoksa \u00e7e\u015fitlili\u011fini mi yans\u0131t\u0131yor?<\/p>\n<p><\/p>\n<p>Bu \u00fclkenin kilise \u00e7anlar\u0131 sabahlar\u0131 yank\u0131lanabiliyorsa, camilerin&nbsp; ezan\u0131 da&nbsp; inan\u00e7lara sayg\u0131l\u0131 bir \u015fekilde yap\u0131lacak makul d\u00fczenlemeler ile ibadet saatlerinde okunabilmeli de\u011fil mi?<\/p>\n<p><\/p>\n<p>Bu yaln\u0131zca din \u00f6zg\u00fcrl\u00fc\u011f\u00fc de\u011fil, ayn\u0131 zamanda e\u015fit yurtta\u015fl\u0131k <a href=\"http:\/\/meselesidir.bu\" target=\"_blank\" rel=\"noopener\">meselesidir. Bu<\/a> mesele az\u0131nl\u0131klar\u0131n daha fazla haklar kazanmas\u0131 de\u011fil bireysel bir \u00f6zg\u00fcrl\u00fck meselesidir.<\/p>\n<p><\/p>\n<p>&nbsp;<span style=\"font-size: 14px;\">Ben bu karar\u0131, sadece hukuki de\u011fil, <\/span><strong style=\"font-size: 14px;\">ahlaki bir hat\u0131rlatma<\/strong><span style=\"font-size: 14px;\"> olarak da g\u00f6r\u00fcyorum.<\/span><\/p>\n<p><\/p>\n<p>Devletin g\u00f6revi, inan\u00e7lar\u0131n sesini k\u0131smak de\u011fil; o seslerin birlikte var olabilece\u011fi bir d\u00fczen kurmakt\u0131r.<\/p>\n<p><\/p>\n<p><strong>Dan\u0131\u015ftay\u0131n bu yeni karar\u0131, din \u00f6zg\u00fcrl\u00fc\u011f\u00fcn\u00fcn \u201cizin verilen\u201d bir ayr\u0131cal\u0131k de\u011fil, devredilemez bir hak oldu\u011funu yeniden hat\u0131rlat\u0131yor.<\/strong><\/p>\n<p><\/p>\n<p>Ve bu hak, sadece minarelerde yank\u0131lanan sesle de\u011fil, herkesin i\u00e7indeki inan\u00e7la da ilgilidir.<\/p>\n<p><\/p>\n<p>Hollanda inanclara ve ibadetlere g\u00f6sterdi\u011fi derin ho\u015fg\u00f6r\u00fc ile bu zamana kadar t\u00fcm d\u00fcnyaya&nbsp; \u00f6rnek olmu\u015f bir \u00fclkedir.<\/p>\n<p><\/p>\n<p>&nbsp;<strong>Bu karar , son d\u00f6nemlerde artan a\u015f\u0131r\u0131 fikirler ve toplumun \u00f6nemli bir kesimini \u00f6teki g\u00f6ren anlay\u0131\u015flara verilmi\u015f olan guzel bir cevapt\u0131r.&nbsp;<\/strong><\/p>\n<p><\/p>\n<p><span style=\"font-size: 14px;\">M\u00fcsl\u00fcman topluluklar i\u00e7in ezan sesi, birlik ve beraberli\u011fin bir ifadesidir.<\/span><\/p>\n<p><\/p>\n<p>Bu ses, \u201c<strong>bizim de bir \u00e7a\u011fr\u0131m\u0131z var<\/strong> \u201d demenin en bar\u0131\u015f\u00e7\u0131l <a href=\"http:\/\/halidir.bu\" target=\"_blank\" rel=\"noopener\">halidir. Bu<\/a> \u00e7a\u011fr\u0131 bir araya gelme , bir olma ve bir olana birlikte y\u00f6nelme \u00e7a\u011fr\u0131s\u0131d\u0131r.Ayn\u0131 kilise ve havralarda oldu\u011fu gibi birlik ve beraberli\u011fe bir \u00e7a\u011fr\u0131d\u0131r.<\/p>\n<p><\/p>\n<p>Ancak bu sesin her y\u00fckseli\u015fi, politik tart\u0131\u015fmalarda hedef haline geldi\u011finde, g\u00f6\u00e7menler olarak \u015fu soruyu kendimize sormal\u0131y\u0131z:<\/p>\n<p><\/p>\n<p>Biz sadece vatanda\u015f m\u0131y\u0131z, yoksa h\u00e2l\u00e2 a\u00e7\u0131klama yapmak zorunda kalan yabanc\u0131lar m\u0131?<\/p>\n<p><\/p>\n<p>Dan\u0131\u015ftay\u2019\u0131n bu karar\u0131, i\u015fte bu \u00e7izgiyi bulan\u0131kla\u015ft\u0131ran politikalara kar\u015f\u0131 g\u00fc\u00e7l\u00fc bir koruma getiriyor.<\/p>\n<p><\/p>\n<p><span style=\"font-size: 14px;\">Hollanda, benim art\u0131k hukuken ve kalben ait oldu\u011fum \u00fclke.<\/span><\/p>\n<p><\/p>\n<p>Bu \u00fclkenin \u00f6zg\u00fcrl\u00fc\u011f\u00fc, sessizli\u011finde de\u011fil; farkl\u0131 seslerin bir arada yank\u0131lanabilmesinde yat\u0131yor.<\/p>\n<p><\/p>\n<p>Ezan da, kilise \u00e7an\u0131 da, sinagog duas\u0131 da bu \u00fclkenin kimli\u011finin par\u00e7alar\u0131d\u0131r.<\/p>\n<p><\/p>\n<p>Raad van State\u2019in karar\u0131, bana \u015funu hat\u0131rlatt\u0131:<\/p>\n<p><\/p>\n<p><strong>Ger\u00e7ek entegrasyon, kendi sesini kaybetmeden bu \u00fclkenin ortak korosuna kat\u0131labilmektir.<\/strong><\/p>\n<p><\/p>\n<p>Yeni&nbsp; Hollandal\u0131&nbsp; bir m\u00fcsl\u00fcman olarak ben de&nbsp; bu koroda kendi sesimin yank\u0131lanmas\u0131ndan gurur duyuyorum.<\/p>\n<p><\/p>\n<p>Birlik ve beraberli\u011fimizi artt\u0131racak her sesin de de\u011derli ve sayg\u0131y\u0131 hak etti\u011fine inan\u0131yorum.&nbsp;<\/p>\n<p><\/p>\n<p>Adaletin topluma bakan y\u00f6n\u00fcn\u00fcn de&nbsp; bu olduguna inaniyorum.&nbsp;<\/p>\n<p><\/p>\n<p>Umar\u0131m bu ortak ve g\u00fczel koro hic durmadan birlik ve beraberlik&nbsp; \u015fark\u0131lar s\u00f6ylemeye devam eder.&nbsp;<\/p>\n<p><\/p>\n<p>Son olarak bence;&nbsp;<\/p>\n<p><\/p>\n<p>&nbsp;\u201c<strong>\u0130nan\u00e7lar\u0131n&nbsp; sesleri, birlik ve beraberligin en guzel ifadesi olup yaln\u0131zca ibadet yerinde&nbsp; de\u011fil, toplumun vicdan\u0131nda ve&nbsp; adaletin kalbinden y\u00fckselir.\u201d<\/strong><\/p>\n<p><\/p>\n<p>Av. H.H\u00fcseyin TANRIVERD\u0130&nbsp;<\/p>\n<p><\/p>\t\t\t\t\t\t\t\t<\/div>\n\t\t\t\t<\/div>\n\t\t\t\t\t<\/div>\n\t\t<\/div>\n\t\t\t\t\t<\/div>\n\t\t<\/section>\n\t\t\t\t<\/div>","protected":false},"excerpt":{"rendered":"<p>Hollanda Dan\u0131\u015ftay\u0131 taraf\u0131ndan verilen ezan karar\u0131: Din \u00d6zg\u00fcrl\u00fc\u011f\u00fc ve Aidiyet &nbsp;\u201cBen art\u0131k yeni bir Hollandal\u0131y\u0131m, ama ana vatan\u0131mdaki ezan sesi<\/p>","protected":false},"author":1,"featured_media":17400,"comment_status":"open","ping_status":"open","sticky":false,"template":"","format":"standard","meta":{"_coblocks_attr":"","_coblocks_dimensions":"","_coblocks_responsive_height":"","_coblocks_accordion_ie_support":"","footnotes":""},"categories":[81],"tags":[],"class_list":["post-17401","post","type-post","status-publish","format-standard","has-post-thumbnail","hentry","category-gocmen-gozuyle"],"_links":{"self":[{"href":"https:\/\/avukathht.com\/en\/wp-json\/wp\/v2\/posts\/17401","targetHints":{"allow":["GET"]}}],"collection":[{"href":"https:\/\/avukathht.com\/en\/wp-json\/wp\/v2\/posts"}],"about":[{"href":"https:\/\/avukathht.com\/en\/wp-json\/wp\/v2\/types\/post"}],"author":[{"embeddable":true,"href":"https:\/\/avukathht.com\/en\/wp-json\/wp\/v2\/users\/1"}],"replies":[{"embeddable":true,"href":"https:\/\/avukathht.com\/en\/wp-json\/wp\/v2\/comments?post=17401"}],"version-history":[{"count":10,"href":"https:\/\/avukathht.com\/en\/wp-json\/wp\/v2\/posts\/17401\/revisions"}],"predecessor-version":[{"id":17424,"href":"https:\/\/avukathht.com\/en\/wp-json\/wp\/v2\/posts\/17401\/revisions\/17424"}],"wp:featuredmedia":[{"embeddable":true,"href":"https:\/\/avukathht.com\/en\/wp-json\/wp\/v2\/media\/17400"}],"wp:attachment":[{"href":"https:\/\/avukathht.com\/en\/wp-json\/wp\/v2\/media?parent=17401"}],"wp:term":[{"taxonomy":"category","embeddable":true,"href":"https:\/\/avukathht.com\/en\/wp-json\/wp\/v2\/categories?post=17401"},{"taxonomy":"post_tag","embeddable":true,"href":"https:\/\/avukathht.com\/en\/wp-json\/wp\/v2\/tags?post=17401"}],"curies":[{"name":"wp","href":"https:\/\/api.w.org\/{rel}","templated":true}]}}