{"id":17475,"date":"2025-12-01T17:48:24","date_gmt":"2025-12-01T17:48:24","guid":{"rendered":"https:\/\/avukathht.com\/?p=17475"},"modified":"2025-12-01T17:50:55","modified_gmt":"2025-12-01T17:50:55","slug":"ab-2025-turkiye-raporu-ile-ilgili-goc-ve-insan-haklari-penceresinden-bir-degerlendirme","status":"publish","type":"post","link":"https:\/\/avukathht.com\/en\/2025\/12\/ab-2025-turkiye-raporu-ile-ilgili-goc-ve-insan-haklari-penceresinden-bir-degerlendirme\/","title":{"rendered":"AB 2025 T\u00dcRK\u0130YE RAPORU iLE iLG\u0130L\u0130 G\u00d6\u00c7 VE \u0130NSAN HAKLARI PENCERESiNDEN BiR DE\u011eERLENDiRME\u00a0"},"content":{"rendered":"<p><strong>4 Kas\u0131m 2025\u2019te yay\u0131mlanan AB Komisyonu T\u00fcrkiye Raporu<\/strong>, T\u00fcrkiye\u2013AB ili\u015fkilerinin hangi eksen \u00fczerinde ilerleyece\u011fini yeniden tart\u0131\u015fmaya a\u00e7t\u0131. \u00d6zellikle g\u00f6\u00e7 y\u00f6netimi, m\u00fclteci haklar\u0131 ve insan haklar\u0131 uygulamalar\u0131, raporun en \u00e7ok \u00f6ne \u00e7\u0131kan ba\u015fl\u0131klar\u0131 aras\u0131nda.<\/p>\n\n\n\n<p>T\u00fcrkiye\u2019nin son on y\u0131ld\u0131r AB i\u00e7in ta\u015f\u0131d\u0131\u011f\u0131 stratejik \u00f6nem b\u00fcy\u00fck \u00f6l\u00e7\u00fcde g\u00f6\u00e7 y\u00f6netimi \u00fczerinden \u015fekillendi. Ancak rapor, bu i\u015fbirli\u011finin art\u0131k sadece \u201cg\u00f6\u00e7 y\u00fck\u00fc\u201d ve \u201cs\u0131n\u0131r g\u00fcvenli\u011fi\u201d \u00e7er\u00e7evesinde ele al\u0131namayaca\u011f\u0131n\u0131, temel hak ve \u00f6zg\u00fcrl\u00fckler a\u00e7\u0131s\u0131ndan da ciddi bir de\u011ferlendirmenin \u015fart oldu\u011funu vurguluyor.<\/p>\n\n\n\n<p><strong>T\u00fcrkiye\u2019nin G\u00f6\u00e7 Y\u00f6netimindeki Rol\u00fc: AB \u0130\u00e7in Vazge\u00e7ilmez Bir Ortak<\/strong><\/p>\n\n\n\n<p>T\u00fcrkiye h\u00e2l\u00e2 d\u00fcnyan\u0131n en fazla m\u00fclteci bar\u0131nd\u0131ran \u00fclkesi. Yakla\u015f\u0131k 3 milyon Suriyeli ve di\u011fer \u00fclkelerden gelen y\u00fcz binlerce ki\u015fi T\u00fcrkiye\u2019de s\u0131\u011f\u0131nma ar\u0131yor. AB Komisyonu 2025 Raporu da T\u00fcrkiye\u2019nin bu b\u00fcy\u00fck g\u00f6\u00e7 n\u00fcfusunu y\u00f6netmekte \u00f6nemli ve kritik bir rol oynad\u0131\u011f\u0131n\u0131 kabul ediyor.<\/p>\n\n\n\n<p>AB, y\u0131llard\u0131r T\u00fcrkiye\u2019ye y\u00f6nelik fonlar ve projeler arac\u0131l\u0131\u011f\u0131yla bu y\u00fck\u00fcn hafifletilmesine destek veriyor. Ancak rapor, T\u00fcrkiye\u2019nin entegrasyon politikalar\u0131n\u0131n h\u00e2l\u00e2 istenilen d\u00fczeyde olmad\u0131\u011f\u0131n\u0131, m\u00fclteci ve g\u00f6\u00e7menlerin e\u011fitim, sa\u011fl\u0131k, i\u015fg\u00fcc\u00fc piyasas\u0131 ve sosyal hayata eri\u015fimde ciddi sorunlar ya\u015fad\u0131\u011f\u0131n\u0131 a\u00e7\u0131k\u00e7a ortaya koyuyor.<\/p>\n\n\n\n<p><strong>K\u0131sacas\u0131 AB a\u00e7\u0131s\u0131ndan T\u00fcrkiye g\u00fc\u00e7l\u00fc bir ortak; fakat bu ortakl\u0131\u011f\u0131n insan haklar\u0131 ve Avrupa standartlar\u0131yla uyumlu olmas\u0131 \u015fart.<\/strong><\/p>\n\n\n\n<p><strong>Geri G\u00f6ndermeme \u0130lkesi ve S\u0131n\u0131r Uygulamalar\u0131: AB\u2019nin Yak\u0131ndan \u0130zledi\u011fi Bir Alan<\/strong><\/p>\n\n\n\n<p>Raporun en kritik tespitlerinden biri, s\u0131n\u0131r b\u00f6lgelerinde ya\u015fanan <strong>geri itme (push-back)<\/strong> iddialar\u0131 ve h\u0131zland\u0131r\u0131lm\u0131\u015f geri g\u00f6nderme s\u00fcre\u00e7leri. Bunlar, uluslararas\u0131 hukukun temel kurallar\u0131ndan biri olan <strong>geri g\u00f6ndermeme (non-refoulement)<\/strong> ilkesinin ihlaline yol a\u00e7abilecek riskler ta\u015f\u0131yor.<\/p>\n\n\n\n<p>T\u00fcrkiye\u2019nin g\u00f6\u00e7men hukukundaki mevcut yasal altyap\u0131s\u0131 geni\u015f olsa da, uygulamada baz\u0131 eksiklikler oldu\u011fu raporda a\u00e7\u0131k\u00e7a ifade ediliyor. Bu durum, T\u00fcrkiye\u2019nin AB m\u00fcktesebat\u0131na uyumu a\u00e7\u0131s\u0131ndan \u00f6nemli bir sorun alan\u0131 olarak kar\u015f\u0131m\u0131za \u00e7\u0131k\u0131yor.<\/p>\n\n\n\n<p><strong>\u0130nsan Haklar\u0131 ve Hukuk Devleti: AB\u2019nin En Sert Ele\u015ftirileri<\/strong><\/p>\n\n\n\n<p>2025 Raporu\u2019 nun en vurucu k\u0131sm\u0131, T\u00fcrkiye\u2019de <strong>insan haklar\u0131, demokratik standartlar ve hukuk devleti<\/strong> alanlar\u0131ndaki gerilemeye ili\u015fkin de\u011ferlendirmeler.<\/p>\n\n\n\n<p>Rapor \u00f6zellikle \u015fu konulara dikkat \u00e7ekiyor:<\/p>\n\n\n\n<ul class=\"wp-block-list\">\n<li>Yarg\u0131 ba\u011f\u0131ms\u0131zl\u0131\u011f\u0131n\u0131n zay\u0131flamas\u0131<\/li>\n\n\n\n<li>\u0130fade \u00f6zg\u00fcrl\u00fc\u011f\u00fcn\u00fcn k\u0131s\u0131tlanmas\u0131<\/li>\n\n\n\n<li>Sivil toplum alan\u0131n\u0131n daralmas\u0131<\/li>\n\n\n\n<li>A\u0130HM kararlar\u0131n\u0131n uygulanmamas\u0131<\/li>\n<\/ul>\n\n\n\n<p>Bu ba\u015fl\u0131klar, g\u00f6\u00e7 hukuku uygulamalar\u0131n\u0131 da do\u011frudan etkiliyor. Zira ba\u011f\u0131ms\u0131z bir yarg\u0131 sistemi olmadan m\u00fcltecilerin ve g\u00f6\u00e7menlerin hukuki koruma mekanizmalar\u0131na eri\u015fimi ciddi \u015fekilde zay\u0131fl\u0131yor.<\/p>\n\n\n\n<p><strong>T\u00fcrkiye\u2013AB \u0130li\u015fkilerinde Yeni D\u00f6nem: \u0130\u015flevsel Ortakl\u0131ktan De\u011fer Temelli Bir \u00c7er\u00e7eveye?<\/strong><\/p>\n\n\n\n<p>Raporun genel mesaj\u0131 net:<br><strong>T\u00fcrkiye ve AB aras\u0131ndaki ili\u015fki art\u0131k sadece g\u00f6\u00e7 ve g\u00fcvenlik \u00fczerine kurulu olamaz.<\/strong><\/p>\n\n\n\n<p>AB, T\u00fcrkiye\u2019nin g\u00f6\u00e7 y\u00fck\u00fcn\u00fc ta\u015f\u0131mas\u0131n\u0131 takdir ediyor; ancak insan haklar\u0131 ve hukuk devleti alanlar\u0131ndaki gerileme, bu i\u015fbirli\u011fini s\u00fcrd\u00fcr\u00fclebilir olmaktan uzakla\u015ft\u0131r\u0131yor.<\/p>\n\n\n\n<p>Bu nedenle rapor, T\u00fcrkiye\u2019nin AB ile ili\u015fkilerinde yeni bir sayfa a\u00e7abilmesi i\u00e7in:<\/p>\n\n\n\n<ul class=\"wp-block-list\">\n<li>demokrasi ve hukukun \u00fcst\u00fcnl\u00fc\u011f\u00fc alan\u0131nda ilerleme,<\/li>\n\n\n\n<li>m\u00fcltecilerin entegrasyonuna y\u00f6nelik yap\u0131sal ad\u0131mlar,<\/li>\n\n\n\n<li>uluslararas\u0131 insan haklar\u0131 standartlar\u0131na uyum,<\/li>\n\n\n\n<li>geri g\u00f6ndermeme ilkesinin eksiksiz uygulanmas\u0131<\/li>\n<\/ul>\n\n\n\n<p>gibi alanlarda somut reformlar gerekti\u011fini vurguluyor.<\/p>\n\n\n\n<p><strong>Sonu\u00e7: G\u00f6\u00e7 Y\u00f6netimi Tek Ba\u015f\u0131na Yetmiyor<\/strong><\/p>\n\n\n\n<p>AB Komisyonu\u2019nun 4 Kas\u0131m 2025 tarihli raporu, T\u00fcrkiye\u2019nin g\u00f6\u00e7 y\u00f6netimindeki y\u00fck\u00fc \u00fcstlenmesinin tek ba\u015f\u0131na AB ile ili\u015fkileri iyile\u015ftirmeye yetmeyece\u011fini g\u00f6steriyor.<\/p>\n\n\n\n<p>\u0130li\u015fkinin gelece\u011fi art\u0131k daha \u00e7ok:<\/p>\n\n\n\n<ul class=\"wp-block-list\">\n<li><strong>haklar<\/strong>,<\/li>\n\n\n\n<li><strong>de\u011ferler<\/strong>,<\/li>\n\n\n\n<li><strong>normatif uyum<\/strong>,<\/li>\n\n\n\n<li><strong>yarg\u0131 ba\u011f\u0131ms\u0131zl\u0131\u011f\u0131<\/strong>,<\/li>\n\n\n\n<li><strong>demokrasi standartlar\u0131<\/strong><\/li>\n<\/ul>\n\n\n\n<p>gibi alanlarda at\u0131lacak ad\u0131mlara ba\u011fl\u0131.<\/p>\n\n\n\n<p>T\u00fcrkiye\u2019nin bu alanlarda ataca\u011f\u0131 reform ad\u0131mlar\u0131 hem g\u00f6\u00e7menlerin haklar\u0131n\u0131n g\u00fc\u00e7lenmesini sa\u011flayacak, hem de Avrupa Birli\u011fi ile olan ili\u015fkilerin yeniden canlanmas\u0131na kap\u0131 aralayacakt\u0131r.<\/p>\n\n\n\n<p>Sayg\u0131lar\u0131mla.<\/p>\n\n\n\n<p><strong>Av.H.H\u00fcseyin TANRIVERD\u0130&nbsp;<\/strong><\/p>\n\n\n\n<p><\/p>","protected":false},"excerpt":{"rendered":"<p>4 Kas\u0131m 2025\u2019te yay\u0131mlanan AB Komisyonu T\u00fcrkiye Raporu, T\u00fcrkiye\u2013AB ili\u015fkilerinin hangi eksen \u00fczerinde ilerleyece\u011fini yeniden tart\u0131\u015fmaya a\u00e7t\u0131. \u00d6zellikle g\u00f6\u00e7 y\u00f6netimi,<\/p>","protected":false},"author":1,"featured_media":17476,"comment_status":"open","ping_status":"open","sticky":false,"template":"","format":"standard","meta":{"_coblocks_attr":"","_coblocks_dimensions":"","_coblocks_responsive_height":"","_coblocks_accordion_ie_support":"","footnotes":""},"categories":[83],"tags":[],"class_list":["post-17475","post","type-post","status-publish","format-standard","has-post-thumbnail","hentry","category-mesleki-makaleler"],"_links":{"self":[{"href":"https:\/\/avukathht.com\/en\/wp-json\/wp\/v2\/posts\/17475","targetHints":{"allow":["GET"]}}],"collection":[{"href":"https:\/\/avukathht.com\/en\/wp-json\/wp\/v2\/posts"}],"about":[{"href":"https:\/\/avukathht.com\/en\/wp-json\/wp\/v2\/types\/post"}],"author":[{"embeddable":true,"href":"https:\/\/avukathht.com\/en\/wp-json\/wp\/v2\/users\/1"}],"replies":[{"embeddable":true,"href":"https:\/\/avukathht.com\/en\/wp-json\/wp\/v2\/comments?post=17475"}],"version-history":[{"count":1,"href":"https:\/\/avukathht.com\/en\/wp-json\/wp\/v2\/posts\/17475\/revisions"}],"predecessor-version":[{"id":17477,"href":"https:\/\/avukathht.com\/en\/wp-json\/wp\/v2\/posts\/17475\/revisions\/17477"}],"wp:featuredmedia":[{"embeddable":true,"href":"https:\/\/avukathht.com\/en\/wp-json\/wp\/v2\/media\/17476"}],"wp:attachment":[{"href":"https:\/\/avukathht.com\/en\/wp-json\/wp\/v2\/media?parent=17475"}],"wp:term":[{"taxonomy":"category","embeddable":true,"href":"https:\/\/avukathht.com\/en\/wp-json\/wp\/v2\/categories?post=17475"},{"taxonomy":"post_tag","embeddable":true,"href":"https:\/\/avukathht.com\/en\/wp-json\/wp\/v2\/tags?post=17475"}],"curies":[{"name":"wp","href":"https:\/\/api.w.org\/{rel}","templated":true}]}}