{"id":17095,"date":"2025-01-14T10:27:03","date_gmt":"2025-01-14T10:27:03","guid":{"rendered":"https:\/\/avukathht.com\/?p=17095"},"modified":"2025-11-12T16:47:43","modified_gmt":"2025-11-12T16:47:43","slug":"sosyal-yardim-odenegi-bijstandsuitkering","status":"publish","type":"post","link":"https:\/\/avukathht.com\/tr\/2025\/01\/sosyal-yardim-odenegi-bijstandsuitkering\/","title":{"rendered":"SOSYAL YARDIM \u00d6DENE\u011e\u0130 (B\u0130JSTANDSUITKER\u0130NG)"},"content":{"rendered":"\n<p>Hollandaya gelen g\u00f6\u00e7menler aras\u0131nda k\u0131sa ad\u0131 ile <strong>\u201c\u00fcitkering\u201d <\/strong>olarak bilinen &nbsp;<strong>Sosyal G\u00fcvenlik Yard\u0131m\u0131 \u00d6dene\u011fi (Bijstandsuitkering)<\/strong>,bireylerin asgari ge\u00e7imlerini sa\u011flamak i\u00e7in verilen bir sosyal yard\u0131m t\u00fcr\u00fcd\u00fcr. Bu \u00f6denek, \u00e7al\u0131\u015famayan, i\u015f bulamayan veya herhangi bir gelir kayna\u011f\u0131 olmayan bireyler ve aileler i\u00e7in temel bir g\u00fcvence sa\u011flar.<\/p>\n\n\n\n<ol class=\"wp-block-list\">\n<li><strong>Bijstandsuitkering&#8217;in Ama\u00e7lar\u0131 nelerdir?<\/strong><\/li>\n<\/ol>\n\n\n\n<ul class=\"wp-block-list\">\n<li>Temel ya\u015fam ihtiya\u00e7lar\u0131n\u0131 (konut, yiyecek, sa\u011fl\u0131k vb.) kar\u015f\u0131layamayan bireylerin maddi destek almas\u0131n\u0131 sa\u011flamak<\/li>\n\n\n\n<li>Bireyleri i\u015f g\u00fcc\u00fcne kat\u0131lmalar\u0131 i\u00e7in motive etmek ve desteklemek<\/li>\n\n\n\n<li>Toplumun en savunmas\u0131z kesimlerine asgari bir ya\u015fam standard\u0131 sunmak<\/li>\n<\/ul>\n\n\n\n<p>2. <strong>Bijstandsuitkering&#8217;den Kimler Yararlanabilir?<\/strong><\/p>\n\n\n\n<p><strong>a-Hollanda\u2019da Yasal Olarak \u0130kamet Edenler<\/strong>: Hollanda vatanda\u015f\u0131 veya yasal oturma iznine sahip olanlar bu yard\u0131mdan yararlanabilir. Hen\u00fcz oturum alamam\u0131\u015f olanlar\u0131n durumlar\u0131 mevcut stat\u00fclerine g\u00f6re de\u011ferlendirilir. \u00d6rne\u011fin iltica eden bir ki\u015fiye oturum al\u0131ncaya kadar kald\u0131\u011f\u0131 s\u00fcre i\u00e7erisinde cep har\u00e7l\u0131\u011f\u0131 (leefgeld) deste\u011fi yap\u0131l\u0131r.<\/p>\n\n\n\n<p><strong>b-Malvarl\u0131\u011f\u0131 Yetersiz Olanlar<\/strong>: Ayl\u0131k geliriniz ve varl\u0131klar\u0131n\u0131z (\u00f6rne\u011fin, banka hesab\u0131 bakiyesi) hery\u0131l belirlenen mlvarl\u0131\u011f\u0131 limitini &nbsp;alt\u0131nda olmal\u0131 ve &nbsp;devletin belirledi\u011fi bu &nbsp;s\u0131n\u0131rlar\u0131 a\u015fmamal\u0131d\u0131r. 2025 itibar\u0131yla, <strong>mal varl\u0131\u011f\u0131 limiti<\/strong> ;<\/p>\n\n\n\n<figure class=\"wp-block-table\"><table class=\"has-fixed-layout\"><thead><tr><td colspan=\"3\">Tablo: Sosyal yard\u0131m varl\u0131k limitleri 2024 ve 2025<\/td><\/tr><tr><td><strong>Ya\u015fam durumu<\/strong><strong><\/strong><\/td><td><strong>Maksimum malvarl\u0131\u011f\u0131 2024<\/strong><strong><\/strong><\/td><td><strong>Maksimum malvarl\u0131\u011f\u0131 &nbsp;2025<\/strong><strong><\/strong><\/td><\/tr><\/thead><tbody><tr><td>Evli<\/td><td>\u20ac15,150<\/td><td>\u20ac15,540<\/td><\/tr><tr><td>Tek ebeveyn<\/td><td>\u20ac15,150<\/td><td>\u20ac15,540<\/td><\/tr><tr><td>Bekar<\/td><td>\u20ac7.575<\/td><td>\u20ac7.770<\/td><\/tr><\/tbody><\/table><\/figure>\n\n\n\n<p>*(<a href=\"https:\/\/www.rijksoverheid.nl\/onderwerpen\/bijstand\/vraag-en-antwoord\/wanneer-heb-ik-recht-op-bijstand\" target=\"_blank\" rel=\"noopener\">https:\/\/www.rijksoverheid.nl\/onderwerpen\/bijstand\/vraag-en-antwoord\/wanneer-heb-ik-recht-op-bijstand<\/a>)<\/p>\n\n\n\n<p><strong>&nbsp;&nbsp;&nbsp; c-18 Ya\u015f ve \u00dczeri Olanlar<\/strong>: Genellikle 18 ya\u015f\u0131ndan b\u00fcy\u00fck olan bireyler bu yard\u0131ma ba\u015fvurabilir.<\/p>\n\n\n\n<p><strong>&nbsp;&nbsp;&nbsp; d- \u0130\u015fsiz veya D\u00fc\u015f\u00fck Gelirli Olanlar<\/strong>: \u0130\u015f bulamayan veya mevcut gelirleri ge\u00e7im standard\u0131n\u0131n alt\u0131nda olan bireyler bu yard\u0131mdan faydalanabilir.<\/p>\n\n\n\n<p><strong>Ge\u00e7im standartlar\u0131<\/strong><\/p>\n\n\n\n<figure class=\"wp-block-table\"><table class=\"has-fixed-layout\"><thead><tr><td colspan=\"3\">Tablo: Ge\u00e7im standartlar\u0131&nbsp;<\/td><\/tr><tr><td><strong>Ya\u015fam durumu<\/strong><strong><\/strong><\/td><td><strong>Ya\u015f<\/strong><strong><\/strong><\/td><td><strong>Ge\u00e7im d\u00fczeyi standard\u0131<\/strong><strong><\/strong><\/td><\/tr><\/thead><tbody><tr><td>Evli veya birlikte ya\u015f\u0131yor<\/td><td>Devlet emeklilik ya\u015f\u0131na 21 ya\u015f<\/td><td>1.869,21 \u20ac<\/td><\/tr><tr><td>Bekar<\/td><td>Devlet emeklilik ya\u015f\u0131na 21 ya\u015f<\/td><td>\u20ac1.308,45<\/td><\/tr><tr><td>Evli veya birlikte ya\u015f\u0131yor<\/td><td>Devlet emeklilik ya\u015f\u0131ndan itibaren<\/td><td>\u20ac1.877,81<\/td><\/tr><tr><td>Bekar<\/td><td>Devlet emeklilik ya\u015f\u0131ndan itibaren<\/td><td>\u20ac1.456,85<\/td><\/tr><\/tbody><\/table><\/figure>\n\n\n\n<p>Ge\u00e7im standartlar\u0131, sosyal g\u00fcvenli\u011fe \u00f6zel olarak belirlenen asgari \u00fccretten t\u00fcretilmektedir. Geliri bu standar\u0131n alt\u0131nda olanlar Sosyal g\u00fcvenlik yard\u0131m \u00f6dene\u011finden yararlanabilirler. Ge\u00e7im standartlar\u0131n\u0131n d\u00fczeyi her y\u0131l 1 Ocak ve 1 Temmuz tarihlerinde ayarlanmaktad\u0131r.&nbsp;<\/p>\n\n\n\n<p><strong>e- Hapishane veya g\u00f6zalt\u0131 merkezlerinde olanlar : <\/strong>Ceza alan &nbsp;ve cezaevi yada g\u00f6zalt\u0131 merkezlerinde kalmak zorunda olan ki\u015filerin sosyal yard\u0131m \u00f6dene\u011fi ask\u0131ya al\u0131n\u0131r. Ki\u015fi h\u00fcrriyetine kavu\u015ftuktan sonra bu yard\u0131mdan tekrar yararlan\u0131labilir.<strong> &nbsp;&nbsp;<\/strong><\/p>\n\n\n\n<p>3-<strong>Bijstandsuitkering\u2019 i nas\u0131l alabilirsiniz?<\/strong><\/p>\n\n\n\n<ol start=\"1\" class=\"wp-block-list\">\n<li><strong>Ba\u015fvuru Yapma<\/strong>:<\/li>\n<\/ol>\n\n\n\n<p>Ba\u015fvuru, bireyin ikamet etti\u011fi belediyenin sosyal hizmetler birimine (Sociale Dienst) yap\u0131l\u0131r.<\/p>\n\n\n\n<p><strong>Werk.nl<\/strong> web sitesi \u00fczerinden ba\u015fvuru yap\u0131labilir. &nbsp;<a href=\"https:\/\/www.werk.nl\/werkzoekenden\/uitkering-aanvragen\/bijstandsuitkering\/index.aspx\" target=\"_blank\" rel=\"noopener\">https:\/\/www.werk.nl\/werkzoekenden\/uitkering-aanvragen\/bijstandsuitkering\/index.aspx<\/a>)<\/p>\n\n\n\n<ol start=\"2\" class=\"wp-block-list\">\n<li><strong>Durum De\u011ferlendirmesi<\/strong>:<\/li>\n<\/ol>\n\n\n\n<p>Belediyeler, ba\u015fvuran ki\u015finin mali durumu, i\u015f bulma durumu ve sosyal ko\u015fullar\u0131n\u0131 de\u011ferlendirir.<\/p>\n\n\n\n<p>Belediyeniz ayr\u0131ca mali varl\u0131klar\u0131n\u0131z\u0131n sosyal yard\u0131m almak i\u00e7in yasal s\u0131n\u0131r\u0131 a\u015f\u0131p a\u015fmad\u0131\u011f\u0131n\u0131 da kontrol eder. Buna varl\u0131k limiti denir. \u00c7ok fazla g\u00fcc\u00fcn var m\u0131? O zaman yard\u0131m alma hakk\u0131n\u0131z yoktur. Varl\u0131klara bir \u00f6rnek tasarruflard\u0131r. Belediye, sizin ve ailenizin banka bilgilerine g\u00f6re varl\u0131klar\u0131 hesaplar. Belediye ayr\u0131ca de\u011ferli e\u015fyalar\u0131n\u0131z\u0131n olup olmad\u0131\u011f\u0131n\u0131 da kontrol eder. Belediye kendi evinizin de\u011feri i\u00e7in ayr\u0131 bir hesaplama yapar.&nbsp;Bor\u00e7lar\u0131n\u0131z var m\u0131? Daha sonra belediye bu bor\u00e7lar\u0131 mal varl\u0131\u011f\u0131n\u0131zdan d\u00fc\u015fecektir. Bu, varl\u0131klar\u0131n\u0131z\u0131n daha d\u00fc\u015f\u00fck oldu\u011fu anlam\u0131na gelir. \u015eart, bu bor\u00e7lar\u0131 \u00f6demeniz gerekti\u011fini kan\u0131tlayabilmenizdir. Belediye \u00f6\u011frenci bor\u00e7lar\u0131n\u0131 veya sonradan \u00f6deyebilece\u011finiz bor\u00e7lar\u0131 mal varl\u0131\u011f\u0131n\u0131zdan kesmez. Bu, \u00f6rne\u011fin aileye olan bor\u00e7lar i\u00e7in ge\u00e7erlidir.Varl\u0131k s\u0131n\u0131r\u0131ndan daha fazla varl\u0131\u011f\u0131n\u0131z m\u0131 var? Daha sonra bununla kendi ge\u00e7iminizi sa\u011flayabilirsiniz. Limiti a\u015fan varl\u0131klar\u0131n\u0131z\u0131 harcamad\u0131k\u00e7a sosyal yard\u0131m alma hakk\u0131n\u0131z yoktur. Sahip olabilece\u011finiz maksimum varl\u0131k miktar\u0131 ya\u015fam durumunuza ba\u011fl\u0131d\u0131r.&nbsp;<\/p>\n\n\n\n<ol start=\"3\" class=\"wp-block-list\">\n<li><strong>\u0130\u015f Bulma Zorunlulu\u011fu<\/strong>:<\/li>\n<\/ol>\n\n\n\n<p>Yard\u0131m alan bireylerden, i\u015f arama konusunda aktif olmalar\u0131 ve belediyenin sundu\u011fu istihdam programlar\u0131na kat\u0131lmalar\u0131 beklenir.<\/p>\n\n\n\n<p>4-<strong>Ne kadar Bijstandsuitkering alabilirsiniz?<\/strong><\/p>\n\n\n\n<ul class=\"wp-block-list\">\n<li>\u00d6dene\u011fin miktar\u0131 bireyin ya\u015f\u0131na, hane halk\u0131 durumuna (yaln\u0131z ya\u015f\u0131yorsa, e\u015f\/partnerle ya\u015f\u0131yorsa, \u00e7ocuk sahibi ise) ve bulundu\u011fu belediyeye g\u00f6re de\u011fi\u015fir.<\/li>\n\n\n\n<li>Genelde, <strong>asgari ge\u00e7im standard\u0131na<\/strong> uygun olarak belirlenir.Alabilece\u011finiz maksimum yard\u0131m miktar\u0131 ya\u015fam durumunuza ba\u011fl\u0131d\u0131r.\u00a0Bekar,\u00a0bekar ebeveyn veya\u00a0evli\u00a0olarak s\u0131n\u0131fland\u0131r\u0131labilirsiniz\u00a0. Asl\u0131nda evli de\u011filseniz ama \u00f6rne\u011fin\u00a0birlikte ya\u015f\u0131yorsan\u0131z \u00a0da &#8216;evli&#8217; olarak kabul edilebilirsiniz . Yasal temel yard\u0131m\u0131n miktar\u0131 1 Ocak 2025 itibariyle a\u015fa\u011f\u0131daki gibidir:<\/li>\n<\/ul>\n\n\n\n<figure class=\"wp-block-table\"><table class=\"has-fixed-layout\"><thead><tr><td><strong>Ya\u015fam durumu<\/strong><strong><\/strong><\/td><td><strong>Ya\u015f<\/strong><strong><\/strong><\/td><td><strong>Yard\u0131m d\u00fczeyi standard\u0131<\/strong><strong><\/strong><\/td><\/tr><\/thead><tbody><tr><td>Evli veya birlikte ya\u015f\u0131yor<\/td><td>21 ya\u015f\u0131ndan Devlet emeklilik ya\u015f\u0131na kadar<\/td><td>1.869,21 \u20ac<\/td><\/tr><tr><td>Bekar<\/td><td>21 ya\u015f\u0131ndan Devlet emeklilik ya\u015f\u0131na kadar<\/td><td>\u20ac1.308,45<\/td><\/tr><tr><td>Evli veya birlikte ya\u015f\u0131yor<\/td><td>Devlet emeklilik ya\u015f\u0131ndan itibaren<\/td><td>\u20ac1.877,81<\/td><\/tr><tr><td>Bekar<\/td><td>Devlet emeklilik ya\u015f\u0131ndan itibaren<\/td><td>\u20ac1.456,85<\/td><\/tr><\/tbody><\/table><\/figure>\n\n\n\n<p>*(<a href=\"https:\/\/www.rijksoverheid.nl\/onderwerpen\/bijstand\/vraag-en-antwoord\/hoe-hoog-is-mijn-bijstandsuitkering\" target=\"_blank\" rel=\"noopener\">https:\/\/www.rijksoverheid.nl\/onderwerpen\/bijstand\/vraag-en-antwoord\/hoe-hoog-is-mijn-bijstandsuitkering<\/a>)<\/p>\n\n\n\n<p><strong>Ek \u00fccretler ve indirimler<\/strong><\/p>\n\n\n\n<p>Ya\u015fam durumunuza ba\u011fl\u0131 olarak belediye, yard\u0131m\u0131n\u0131z\u0131n azalt\u0131lmas\u0131na karar&nbsp;verebilir&nbsp;. Kazanc\u0131n\u0131z her zaman tablodaki tutarlarla tam olarak ayn\u0131 olmak zorunda de\u011fildir.<\/p>\n\n\n\n<p><strong>\u00d6deme<\/strong><\/p>\n\n\n\n<p>Sosyal yard\u0131m \u00f6dene\u011finiz ayl\u0131k olarak, genellikle gecikmeli olarak \u00f6denir. Bu nedenle, \u00f6rne\u011fin May\u0131s ay\u0131na ili\u015fkin yard\u0131m Haziran ay\u0131nda \u00f6denir.<\/p>\n\n\n\n<p><strong>Tatil \u00fccreti<\/strong><\/p>\n\n\n\n<p>Yukar\u0131daki tabloda yer alan tutarlar \u00fczerinden &nbsp;%5 oran\u0131nda tatil \u00fccreti hesaplan\u0131r. Bu&nbsp;\u00f6denek ayl\u0131k olarak de\u011fil , y\u0131lda bir kez, genellikle Haziran ay\u0131nda&nbsp;al\u0131n\u0131r.<\/p>\n\n\n\n<p><strong>Pe\u015fin \u00f6deme<\/strong><\/p>\n\n\n\n<p>Sosyal yard\u0131m ba\u015fvurusunda bulunduysan\u0131z, belediyenin sosyal yard\u0131m almaya hakk\u0131n\u0131z olup olmad\u0131\u011f\u0131na karar vermesi 8 haftay\u0131 bulabilir. Bu arada ya\u015fam masraflar\u0131n\u0131z\u0131 kar\u015f\u0131lamak i\u00e7in belediyeden avans alma hakk\u0131n\u0131z vard\u0131r. Yard\u0131m alma hakk\u0131n\u0131z\u0131 belirlemek i\u00e7in belediyenin sizin hakk\u0131n\u0131zda yeterli bilgiye sahip olmas\u0131 gerekir. Bu durumda her 4 haftada bir avans alabilirsiniz. Avans miktar\u0131&nbsp;sizin i\u00e7in ge\u00e7erli olan&nbsp;sosyal yard\u0131m standard\u0131n\u0131n &nbsp;%90&#8217;\u0131d\u0131r .<\/p>\n\n\n\n<p><strong>Emekliler<\/strong><\/p>\n\n\n\n<p>Emekli ya\u015f\u0131na gelmi\u015f&nbsp;ki\u015filer i\u00e7in farkl\u0131 sosyal &nbsp;yard\u0131mlar uygulanmaktad\u0131r.&nbsp;Ya\u015fl\u0131lara y\u00f6nelik gelir tedari\u011fi olarak da bilinen bu gruba y\u00f6nelik yard\u0131m, AOW&#8217;ye g\u00f6re d\u00fczenlenmi\u015ftir.<\/p>\n\n\n\n<p>AOW ya\u015f\u0131n\u0131 ge\u00e7mi\u015f olanlar 2025 y\u0131l\u0131 itibari ile asgari &nbsp;:<\/p>\n\n\n\n<ul class=\"wp-block-list\">\n<li>Evli veya birlikte ya\u015fayan \u00e7iftler: 2.053,48 euro<\/li>\n\n\n\n<li>Tek ba\u015f\u0131na veya \u00e7ocu\u011fu ile birlikte ya\u015fayan yeti\u015fkinler: 1.501,07 euro yard\u0131m alacaklard\u0131r.<\/li>\n<\/ul>\n\n\n\n<p><strong>Geri \u00f6deme<\/strong><\/p>\n\n\n\n<p>Daha sonra sosyal yard\u0131m\u0131 yanl\u0131\u015f ya da gere\u011finden fazla ald\u0131\u011f\u0131n\u0131z anla\u015f\u0131l ise &nbsp;belediye, almaman\u0131z gereken yard\u0131m\u0131 geri talep edebilir. Bu durumda belediyeniz ile g\u00f6r\u00fc\u015ferek taksit ile geri \u00f6deme imkan\u0131n\u0131dan yararlanabilirsiniz.<\/p>\n\n\n\n<p><strong>Gelir Bildirimi<\/strong><\/p>\n\n\n\n<p>Yard\u0131m ald\u0131\u011f\u0131n\u0131z d\u00f6nem i\u00e7erisinde herhangi bir gelir (\u00f6rne\u011fin, ge\u00e7ici bir i\u015ften elde edilen kazan\u00e7) elde etmeniz halinde belediyeye bildirilmek ile m\u00fckellefsiniz. .Belediye bu geliri alm\u0131\u015f oldu\u011funuz yard\u0131m miktar\u0131ndan mahsup ederek kalan k\u0131sm\u0131 size \u00f6der. Geliriniz oldu\u011fu halde beyan etmemeniz ve saklaman\u0131z durumunda idari ve cezai neticeler ile kar\u015f\u0131la\u015fabilarisiniz. Bu durumun tespiti halinde belediye yard\u0131m \u00f6demesini kesece\u011fi gibi sizi ayr\u0131ca bor\u00e7 alt\u0131na sokacak kararlar verebilir. Bu durum ayr\u0131ca vergi dairesi a\u00e7\u0131s\u0131nda da sorun yaratacakt\u0131r. &nbsp;<\/p>\n\n\n\n<p><strong>5-Hangi durumlarda Bijstandsuitkering\u2019de Kesilme veya Azalma olur?<\/strong><\/p>\n\n\n\n<p>Belediyeler genellikle;<\/p>\n\n\n\n<ul class=\"wp-block-list\">\n<li>\u0130\u015f bulunmas\u0131 veya gelir durumunun iyile\u015fmesi<\/li>\n\n\n\n<li>Belediyenin belirledi\u011fi kurallara uyulmamas\u0131 (\u00f6rne\u011fin, i\u015f aramama)<\/li>\n\n\n\n<li>Maddi durumun veya malvarl\u0131\u011f\u0131n\u0131n de\u011fi\u015fmesi<\/li>\n\n\n\n<li>Gizlenen gelirlerin veya malvarl\u0131klar\u0131n\u0131n tespit edilmesi<\/li>\n<\/ul>\n\n\n\n<p>durumlar\u0131nda sosyal yard\u0131m \u00f6dene\u011fini azaltabilir veya sonland\u0131rabilirler.<\/p>\n\n\n\n<p>Bu yard\u0131m nihayetinde , ki\u015filere ge\u00e7ici bir destek olarak sunulmakta ve esas ama\u00e7 bireyin kendi kendine yeterli hale gelmesine yard\u0131mc\u0131 olmakt\u0131r. E\u011fer Bijstandsuitkering ba\u015fvurusu yapmak veya mevcut yard\u0131m\u0131n\u0131z\u0131 azalmas\u0131 yada sona ermesi karar\u0131na itiraz etmek &nbsp;istiyorsan\u0131z, ba\u011fl\u0131 bulundu\u011funuz belediyenin sosyal hizmetler departman\u0131yla ileti\u015fime ge\u00e7ebilirsiniz.<\/p>\n\n\n\n<p><strong>6-Hollanda\u2019da kendi eviniz varsa sosyal yard\u0131mlardan<\/strong> <strong>yararlanabilirmisiniz?<\/strong><\/p>\n\n\n\n<p>Evet, kendi eviniz, tekne eviniz veya karavan\u0131n\u0131z varsa ve burada kendiniz ya\u015f\u0131yorsan\u0131z da yard\u0131m alabilirsiniz. Ancak bunun i\u00e7in bir tak\u0131m ko\u015fullar\u0131 kar\u015f\u0131laman\u0131z gerekir.<\/p>\n\n\n\n<p>Bu ko\u015fullar \u015funlard\u0131r:<\/p>\n\n\n\n<ul class=\"wp-block-list\">\n<li>Sosyal yard\u0131m standard\u0131n\u0131n alt\u0131nda bir geliriniz olmal\u0131d\u0131r.<\/li>\n\n\n\n<li>Bankadan ek ipotek alamaz durmda olman\u0131z gerekir.<\/li>\n\n\n\n<li>Siz evin (veya y\u00fczen evin veya karavan\u0131n) sakini (ikamet edeni) olman\u0131z gerekir.<\/li>\n<\/ul>\n\n\n\n<p>Bu iartlar\u0131 kar\u015f\u0131l\u0131yor iseniz; belediye, sosyal yard\u0131m almaya hakk\u0131n\u0131z olup olmad\u0131\u011f\u0131n\u0131 ve evinizde 65.500 Euro&#8217;dan fazla \u00f6zsermayenin bulunup bulunmad\u0131\u011f\u0131n\u0131 ara\u015ft\u0131r\u0131r. Daha sonra belediye, yard\u0131m\u0131 kredi olarak m\u0131 yoksa hibe (geri \u00f6demeniz gerekmeyen bir miktar para) olarak m\u0131 alaca\u011f\u0131n\u0131z\u0131 belirler.<\/p>\n\n\n\n<p>Ya\u015famak i\u00e7in \u00f6z sermayenin bir k\u0131sm\u0131n\u0131 kullanmak zorunda kalabilirsiniz. Ama asla evinizi tamamen nakite \u00e7evirmek zorunda de\u011filsiniz.<\/p>\n\n\n\n<p><strong>7- Hollanda d\u0131\u015f\u0131nda bir gayrimenkul\u00fcn\u00fcz var ise \u00a0sosyal yard\u0131mlardan yararlanabilirmisiniz?<\/strong><\/p>\n\n\n\n<p>Hollanda\u2019da Bijstandsuitkering (sosyal yard\u0131m) alabilmek i\u00e7in belirli \u015fartlar yerine getirilmelidir. Bu yard\u0131m, ki\u015finin asgari bir ya\u015fam standard\u0131n\u0131 sa\u011flayacak geliri ve mal varl\u0131\u011f\u0131 olmad\u0131\u011f\u0131nda verilir. Ancak, ba\u015fka bir \u00fclkede gayrimenkul sahibi olmak bu yard\u0131m\u0131 almay\u0131 etkileyebilir.\u015e\u00f6yle ki;<\/p>\n\n\n\n<ol start=\"1\" class=\"wp-block-list\">\n<li><strong>Mal Varl\u0131\u011f\u0131 Limiti<\/strong>: Bijstandsuitkering i\u00e7in ki\u015finin mal varl\u0131\u011f\u0131 limiti, Hollanda\u2019n\u0131n belirledi\u011fi s\u0131n\u0131rlar\u0131 a\u015fmamal\u0131d\u0131r. 2025 itibar\u0131yla, mal varl\u0131\u011f\u0131 limiti bek\u00e2r ki\u015filer i\u00e7in yakla\u015f\u0131k 7.770 \u20ac ve \u00e7iftler i\u00e7in 15.540 \u20ac civar\u0131ndad\u0131r (y\u0131ll\u0131k de\u011fi\u015febilir).Bu limitin i\u00e7ine, sahip olunan ta\u015f\u0131nmaz mallar\u0131n (\u00f6rne\u011fin, ba\u015fka bir \u00fclkedeki gayrimenkuller) de\u011feri de dahildir.<\/li>\n\n\n\n<li><strong>Gayrimenkul\u00fcn De\u011feri:<\/strong> Ba\u015fka bir \u00fclkedeki gayrimenkul\u00fcn de\u011feri hesaplan\u0131r ve mal varl\u0131\u011f\u0131 limitine dahil edilir. E\u011fer gayrimenkul\u00fcn de\u011feri bu limiti a\u015f\u0131yorsa, yard\u0131m ba\u015fvurusu reddedilebilir. Ancak bu durum, gayrimenkul\u00fcn nas\u0131l kullan\u0131ld\u0131\u011f\u0131na ba\u011fl\u0131 olarak de\u011fi\u015febilir:\n<ul class=\"wp-block-list\">\n<li>E\u011fer gayrimenkul ki\u015finin temel ya\u015fam\u0131n\u0131 s\u00fcrd\u00fcrmek i\u00e7in kullan\u0131l\u0131yorsa (\u00f6rne\u011fin, ki\u015finin ailesi taraf\u0131ndan kullan\u0131l\u0131yor veya kiraya verilemiyor), farkl\u0131 bir de\u011ferlendirme yap\u0131labilir.<\/li>\n\n\n\n<li>Gayrimenkul kiraya verilmi\u015fse veya sat\u0131labilir durumdaysa, bu gelir olarak de\u011ferlendirilir.<\/li>\n<\/ul>\n<\/li>\n\n\n\n<li><strong>Beyan Zorunlulu\u011fu:<\/strong> Bijstandsuitkering ba\u015fvurusu yaparken t\u00fcm mal varl\u0131\u011f\u0131n\u0131 (yurt i\u00e7i ve yurt d\u0131\u015f\u0131 dahil) beyan etmek zorunludur. Bu bilgi gizlenirse, sonradan tespit edilirse yard\u0131mlar geri al\u0131nabilir ve cezai yapt\u0131r\u0131mlar uygulanabilir.<\/li>\n\n\n\n<li><strong>\u00d6zel Durumlar<\/strong>: Baz\u0131 durumlarda, gayrimenkul sahibi olmak yard\u0131m\u0131 tamamen engellemeyebilir. \u00d6rne\u011fin, gayrimenkul\u00fc satmak m\u00fcmk\u00fcn de\u011filse veya sat\u0131\u015ftan elde edilecek gelir ya\u015fam masraflar\u0131n\u0131 kar\u015f\u0131lamaya yetmiyorsa, istisnai durumlar uygulanabilir. Ancak bu durumlarda belediyeye \u00f6zel bir a\u00e7\u0131klama yapmak ve kan\u0131t sunmak gerekebilir.<\/li>\n<\/ol>\n\n\n\n<p><strong>Ne Yap\u0131lmal\u0131?<\/strong><\/p>\n\n\n\n<ul class=\"wp-block-list\">\n<li>Ba\u015fvuru yapmadan \u00f6nce, Hollanda\u2019daki belediyenizin (gemeente) sosyal yard\u0131m departman\u0131 ile ileti\u015fime ge\u00e7erek mal varl\u0131\u011f\u0131n\u0131z\u0131 beyan edin.<\/li>\n\n\n\n<li>Gayrimenkul\u00fcn de\u011feri ve durumu hakk\u0131nda detayl\u0131 bilgi sa\u011flay\u0131n. Bu konuda destek almak i\u00e7in bir yasal dan\u0131\u015fman veya bir avukattan yard\u0131m alabilirsiniz.<\/li>\n<\/ul>\n\n\n\n<p><strong>Sayg\u0131lar\u0131m\u0131zla<\/strong><\/p>\n\n\n\n<p><strong>AvukatHHT Dan\u0131\u015fmanl\u0131k<\/strong><\/p>\n","protected":false},"excerpt":{"rendered":"<p>Hollandaya gelen g\u00f6\u00e7menler aras\u0131nda k\u0131sa ad\u0131 ile \u201c\u00fcitkering\u201d olarak bilinen &nbsp;Sosyal G\u00fcvenlik Yard\u0131m\u0131 \u00d6dene\u011fi (Bijstandsuitkering),bireylerin asgari ge\u00e7imlerini sa\u011flamak i\u00e7in verilen<\/p>\n","protected":false},"author":1,"featured_media":17096,"comment_status":"open","ping_status":"open","sticky":false,"template":"","format":"standard","meta":{"_coblocks_attr":"","_coblocks_dimensions":"","_coblocks_responsive_height":"","_coblocks_accordion_ie_support":"","footnotes":""},"categories":[83,78,77],"tags":[],"class_list":["post-17095","post","type-post","status-publish","format-standard","has-post-thumbnail","hentry","category-mesleki-makaleler","category-bilincli-gocmenlik","category-hukuki-danismanlik"],"_links":{"self":[{"href":"https:\/\/avukathht.com\/tr\/wp-json\/wp\/v2\/posts\/17095","targetHints":{"allow":["GET"]}}],"collection":[{"href":"https:\/\/avukathht.com\/tr\/wp-json\/wp\/v2\/posts"}],"about":[{"href":"https:\/\/avukathht.com\/tr\/wp-json\/wp\/v2\/types\/post"}],"author":[{"embeddable":true,"href":"https:\/\/avukathht.com\/tr\/wp-json\/wp\/v2\/users\/1"}],"replies":[{"embeddable":true,"href":"https:\/\/avukathht.com\/tr\/wp-json\/wp\/v2\/comments?post=17095"}],"version-history":[{"count":2,"href":"https:\/\/avukathht.com\/tr\/wp-json\/wp\/v2\/posts\/17095\/revisions"}],"predecessor-version":[{"id":17099,"href":"https:\/\/avukathht.com\/tr\/wp-json\/wp\/v2\/posts\/17095\/revisions\/17099"}],"wp:featuredmedia":[{"embeddable":true,"href":"https:\/\/avukathht.com\/tr\/wp-json\/wp\/v2\/media\/17096"}],"wp:attachment":[{"href":"https:\/\/avukathht.com\/tr\/wp-json\/wp\/v2\/media?parent=17095"}],"wp:term":[{"taxonomy":"category","embeddable":true,"href":"https:\/\/avukathht.com\/tr\/wp-json\/wp\/v2\/categories?post=17095"},{"taxonomy":"post_tag","embeddable":true,"href":"https:\/\/avukathht.com\/tr\/wp-json\/wp\/v2\/tags?post=17095"}],"curies":[{"name":"wp","href":"https:\/\/api.w.org\/{rel}","templated":true}]}}