{"id":17121,"date":"2025-11-09T18:20:36","date_gmt":"2025-11-09T18:20:36","guid":{"rendered":"https:\/\/avukathht.com\/?p=17121"},"modified":"2025-11-15T18:36:23","modified_gmt":"2025-11-15T18:36:23","slug":"multeciler-yuk-degil-umuttur","status":"publish","type":"post","link":"https:\/\/avukathht.com\/tr\/2025\/11\/multeciler-yuk-degil-umuttur\/","title":{"rendered":"M\u00fclteciler Y\u00fck De\u011fil, Umuttur"},"content":{"rendered":"\n<p>Hollanda\u2019da son zamanlarda siyaset arenas\u0131nda m\u00fclteciler hakk\u0131nda en s\u0131k duyulan c\u00fcmlelerden biri ;<\/p>\n\n\n\n<p>\u201c <strong>M\u00fclteciler topluma y\u00fck oluyorlar. Sorunlar\u0131m\u0131z\u0131n asil kayna\u011f\u0131 m\u00fclteciler<\/strong> \u201c oluyor.<\/p>\n\n\n\n<p>Oysa yeni yay\u0131mlanan bir ara\u015ft\u0131rma, bu iddian\u0131n ger\u00e7e\u011fi yans\u0131tmad\u0131\u011f\u0131n\u0131 a\u00e7\u0131k\u00e7a ortaya koyuyor.<\/p>\n\n\n\n<p>M\u00fcltecilere yard\u0131m ama\u00e7l\u0131 kurulmu\u0219 olan IPN Vakf\u0131 taraf\u0131ndan desteklenen \u201c<strong>Motivasyondan Kat\u0131l\u0131ma\u201d raporu<\/strong>, 2016 sonras\u0131 Hollanda\u2019ya g\u00f6\u00e7 eden T\u00fcrkiye k\u00f6kenli m\u00fcltecilerin entegrasyonda dikkat \u00e7ekici bir ba\u015far\u0131 g\u00f6sterdi\u011fini belgeliyor.<\/p>\n\n\n\n<p><strong>Bilimsel Veriler, \u00d6nyarg\u0131lar\u0131 Y\u0131k\u0131yor<\/strong><\/p>\n\n\n\n<p>Ara\u015ft\u0131rma, <strong>2.188 kat\u0131l\u0131mc\u0131dan <\/strong>toplanan verilerle haz\u0131rland\u0131 ve Hollanda\u2019daki yeni T\u00fcrk g\u00f6\u00e7menlerin dil \u00f6\u011frenimi, i\u015f g\u00fcc\u00fc kat\u0131l\u0131m\u0131, sosyal ba\u011flar ve aidiyet duygusu a\u00e7\u0131s\u0131ndan g\u00fc\u00e7l\u00fc bir performans sergiledi\u011fini g\u00f6sterdi.<\/p>\n\n\n\n<p><strong>Raporun Temel Bulgular\u0131:<\/strong><\/p>\n\n\n\n<p>Kat\u0131l\u0131mc\u0131lar\u0131n <strong>%70\u2019inden<\/strong> fazlas\u0131 <strong>\u00fc\u00e7 y\u0131l i\u00e7inde A2<\/strong>,<\/p>\n\n\n\n<p>&nbsp;<strong>%50\u2019sinden<\/strong> fazlas\u0131 <strong>be\u015f y\u0131l i\u00e7inde B1<\/strong> ve \u00fczeri Hollandaca seviyesine ula\u015fm\u0131\u015f.<\/p>\n\n\n\n<p>Bu oran, Hollanda\u2019daki di\u011fer g\u00f6\u00e7men gruplar\u0131n\u0131n ortalamas\u0131n\u0131n yakla\u015f\u0131k <strong>2,5 kat\u0131.<\/strong><\/p>\n\n\n\n<p><strong>Yani mesele \u201cisteksizlik\u201d de\u011fil; f\u0131rsat verildi\u011finde, insanlar \u00f6\u011freniyor ve kat\u0131l\u0131yor.<\/strong><\/p>\n\n\n\n<p><strong>Yeni m\u00fclteciler \u00e7al\u0131\u015fmak \u0130stiyor<\/strong><\/p>\n\n\n\n<p>Rapor, m\u00fcltecilerin \u201c\u00e7al\u0131\u015fmak istemedikleri\u201d y\u00f6n\u00fcndeki kli\u015feyi kesin bi\u00e7imde \u00e7\u00fcr\u00fct\u00fcyor.<\/p>\n\n\n\n<p>Kat\u0131l\u0131mc\u0131lar\u0131n:<\/p>\n\n\n\n<p><strong>%56,4\u2019\u00fc entegrasyon s\u00fcrecini tamamlad\u0131ktan sonra i\u015f bulmu\u015f,<\/strong><\/p>\n\n\n\n<p>%70\u2019inden fazlas\u0131 i\u015fg\u00fcc\u00fcne kat\u0131l\u0131m i\u00e7in y\u00fcksek motivasyona sahip.<\/p>\n\n\n\n<p>Bu oran, Hollanda\u2019daki stat\u00fc sahipleri genel ortalamas\u0131n\u0131n (%30\u201333) neredeyse <strong>iki kat\u0131.<\/strong><\/p>\n\n\n\n<p>Yani m\u00fclteciler sadece ayakta kalmak de\u011fil, \u00fcretmek istiyorlar.<\/p>\n\n\n\n<p><strong>Topluma Katk\u0131 \u0130radesi<\/strong><\/p>\n\n\n\n<p><strong>Kat\u0131l\u0131mc\u0131lar\u0131n %83\u2019\u00fc, \u201cHollanda toplumuna katk\u0131da bulunmak istiyorum\u201d diyor.<\/strong><\/p>\n\n\n\n<p>Bu oran, Hollandal\u0131 vatanda\u015flar\u0131n ortalama toplumsal kat\u0131l\u0131m isteklili\u011finden (%65\u201370) bile daha y\u00fcksek.<\/p>\n\n\n\n<p>M\u00fclteciler yard\u0131m bekleyen de\u011fil; \u00fcretmek, payla\u015fmak ve katk\u0131 sunmak isteyen insanlar.<\/p>\n\n\n\n<p>Yeter ki onlar\u0131n \u00f6n\u00fcne engeller konulmas\u0131n.<\/p>\n\n\n\n<p><strong>Evde Hissetmek: Zor ama de\u011ferli bir ad\u0131m<\/strong><\/p>\n\n\n\n<p><strong>Kat\u0131l\u0131mc\u0131lar\u0131n %69\u2019u kendini Hollanda\u2019da \u201cevinde\u201d hissediyor.<\/strong><\/p>\n\n\n\n<p>Bu, umut verici bir oran; ancak h\u00e2l\u00e2 \u00fc\u00e7te birlik bir kesim bu duygudan uzak.<\/p>\n\n\n\n<p>Demek ki entegrasyon yaln\u0131zca kurslarla de\u011fil, kabul g\u00f6rmek ve dostluk kurmakla tamamlan\u0131yor.<\/p>\n\n\n\n<p><strong>Ger\u00e7ek Y\u00fck Kimde?<\/strong><\/p>\n\n\n\n<p>Dil \u00f6\u011frenen, \u00e7al\u0131\u015fan, vergi veren, topluma katk\u0131 sunan insanlar m\u0131 \u201cy\u00fck\u201d?<\/p>\n\n\n\n<p>Yoksa onlar\u0131n potansiyelini g\u00f6rmeyen politikalar, \u00f6nyarg\u0131lar ve kapanm\u0131\u015f kap\u0131lar m\u0131?<\/p>\n\n\n\n<p><strong>M\u00fclteciler y\u00fck de\u011fil, toplumun umudur.<\/strong><\/p>\n\n\n\n<p><strong>Kendilerine f\u0131rsat verildi\u011finde, toplumu hem ekonomik hem insani olarak zenginle\u015ftirirler.<\/strong><\/p>\n\n\n\n<p><strong>Son S\u00f6z<\/strong><\/p>\n\n\n\n<p>Bu rapor bize bir kez daha g\u00f6steriyor ki:<\/p>\n\n\n\n<p><strong>M\u00fclteciler yard\u0131m bekleyen de\u011fil, f\u0131rsat verildi\u011finde topluma de\u011fer katan bireylerdir.<\/strong><\/p>\n\n\n\n<p>Ger\u00e7ek entegrasyon, yaln\u0131zca onlar\u0131n \u00e7abas\u0131na de\u011fil, ev sahibi toplumun adaletine ve merhametine de ba\u011fl\u0131d\u0131r.<\/p>\n\n\n\n<p>Belki de art\u0131k \u015fu soruyu sormal\u0131y\u0131z:<\/p>\n\n\n\n<p>Biz bu umuda yer a\u00e7abiliyor muyuz?<\/p>\n\n\n\n<p>Belki de&nbsp; <strong>ger\u00e7ek muhasebe<\/strong> yapma zaman\u0131 gelmi\u0219tir.<\/p>\n\n\n\n<p>Ne dersiniz?<\/p>\n\n\n\n<p><strong>Av. H. H\u00fcseyin Tanr\u0131verdi<\/strong><\/p>\n\n\n\n<p><\/p>\n\n\n\n<p><strong>Kaynak<\/strong><\/p>\n\n\n\n<p>Motivasyondan Kat\u0131l\u0131ma: 2016 Sonras\u0131 T\u00fcrkiye K\u00f6kenli M\u00fcltecilerin Entegrasyon Yolculu\u011fu \u00d6n Rapor \u2013 Ekim 2025<\/p>\n\n\n\n<p><a href=\"https:\/\/www.stichtingipn.nl\/2016-sonrasi-hollandaya-goc-eden-turkiye-kokenli-multeciler-uzerine-entegrasyon-degerlendirme-arastirmasi\" target=\"_blank\" rel=\"noopener\">https:\/\/www.stichtingipn.nl\/2016-sonrasi-hollandaya-goc-eden-turkiye-kokenli-multeciler-uzerine-entegrasyon-degerlendirme-arastirmasi<\/a><\/p>\n\n\n\n<div class=\"wp-block-buttons is-layout-flex wp-block-buttons-is-layout-flex\">\n<div class=\"wp-block-button\"><a class=\"wp-block-button__link wp-element-button\" href=\"https:\/\/avukathht.com\/wp-content\/uploads\/2025\/11\/ANALYSE-VAN-DE-INTEGRATIESTATUS-VOORLOPIG-RAPPORT-20-OKTOBER-1.pdf\">Tamam\u0131 i\u00e7in t\u0131klay\u0131n<\/a><\/div>\n<\/div>\n\n\n\n<p><\/p>\n","protected":false},"excerpt":{"rendered":"<p>Hollanda\u2019da son zamanlarda siyaset arenas\u0131nda m\u00fclteciler hakk\u0131nda en s\u0131k duyulan c\u00fcmlelerden biri ; \u201c M\u00fclteciler topluma y\u00fck oluyorlar. Sorunlar\u0131m\u0131z\u0131n asil<\/p>\n","protected":false},"author":1,"featured_media":17191,"comment_status":"open","ping_status":"open","sticky":false,"template":"","format":"standard","meta":{"_coblocks_attr":"","_coblocks_dimensions":"","_coblocks_responsive_height":"","_coblocks_accordion_ie_support":"","footnotes":""},"categories":[81,76],"tags":[],"class_list":["post-17121","post","type-post","status-publish","format-standard","has-post-thumbnail","hentry","category-gocmen-gozuyle","category-iltica-hukuku"],"_links":{"self":[{"href":"https:\/\/avukathht.com\/tr\/wp-json\/wp\/v2\/posts\/17121","targetHints":{"allow":["GET"]}}],"collection":[{"href":"https:\/\/avukathht.com\/tr\/wp-json\/wp\/v2\/posts"}],"about":[{"href":"https:\/\/avukathht.com\/tr\/wp-json\/wp\/v2\/types\/post"}],"author":[{"embeddable":true,"href":"https:\/\/avukathht.com\/tr\/wp-json\/wp\/v2\/users\/1"}],"replies":[{"embeddable":true,"href":"https:\/\/avukathht.com\/tr\/wp-json\/wp\/v2\/comments?post=17121"}],"version-history":[{"count":4,"href":"https:\/\/avukathht.com\/tr\/wp-json\/wp\/v2\/posts\/17121\/revisions"}],"predecessor-version":[{"id":17316,"href":"https:\/\/avukathht.com\/tr\/wp-json\/wp\/v2\/posts\/17121\/revisions\/17316"}],"wp:featuredmedia":[{"embeddable":true,"href":"https:\/\/avukathht.com\/tr\/wp-json\/wp\/v2\/media\/17191"}],"wp:attachment":[{"href":"https:\/\/avukathht.com\/tr\/wp-json\/wp\/v2\/media?parent=17121"}],"wp:term":[{"taxonomy":"category","embeddable":true,"href":"https:\/\/avukathht.com\/tr\/wp-json\/wp\/v2\/categories?post=17121"},{"taxonomy":"post_tag","embeddable":true,"href":"https:\/\/avukathht.com\/tr\/wp-json\/wp\/v2\/tags?post=17121"}],"curies":[{"name":"wp","href":"https:\/\/api.w.org\/{rel}","templated":true}]}}