{"id":17335,"date":"2025-11-15T20:51:01","date_gmt":"2025-11-15T20:51:01","guid":{"rendered":"https:\/\/avukathht.com\/?p=17335"},"modified":"2025-11-15T20:54:46","modified_gmt":"2025-11-15T20:54:46","slug":"asielnoodmaatregelenwet-2","status":"publish","type":"post","link":"https:\/\/avukathht.com\/tr\/2025\/11\/asielnoodmaatregelenwet-2\/","title":{"rendered":"ASIELNOODMAATREGELENWET"},"content":{"rendered":"\n<h1 class=\"wp-block-heading\"><strong>G\u00f6zler Dan\u0131\u015ftayda: \u0130ltica Acil \u00d6nlemler Yasas\u0131nda&nbsp; Son Durum&nbsp;<\/strong><\/h1>\n\n\n\n<p>Hollanda\u2019da g\u00f6\u00e7 ve s\u0131\u011f\u0131nma politikalar\u0131, \u00f6zellikle son bir y\u0131l i\u00e7erisinde, yo\u011fun tart\u0131\u015fmalar\u0131n merkezinde yer almaktad\u0131r. Bu tart\u0131\u015fmalar\u0131n oda\u011f\u0131nda bulunan <strong>Asielnoodmaatregelenwet<\/strong> (\u0130ltica Acil \u00d6nlemler Yasas\u0131) ve bu yasay\u0131 d\u00fczeltmek amac\u0131yla sunulan <strong>novelle<\/strong>, hem hukuki d\u00fczeni hem de sahada \u00e7al\u0131\u015fan kurum ve bireyleri yak\u0131ndan ilgilendiren \u00f6nemli de\u011fi\u015fiklikler i\u00e7ermektedir.<\/p>\n\n\n\n<p>Bu makale, s\u00f6z konusu d\u00fczenlemenin g\u00fcncel durumunu, getirdi\u011fi ba\u015fl\u0131ca yenilikleri ve hukuki a\u00e7\u0131dan ortaya \u00e7\u0131kard\u0131\u011f\u0131 tart\u0131\u015fmalar\u0131 sade, anla\u015f\u0131l\u0131r ve profesyonel bir bak\u0131\u015f a\u00e7\u0131s\u0131yla \u00f6zetlemektedir.<\/p>\n\n\n\n<h2 class=\"wp-block-heading\"><strong>1. Yasan\u0131n Mevcut Durumu<\/strong><\/h2>\n\n\n\n<p>Asielnoodmaatregelenwet, <strong>3 Temmuz 2025\u2019te<\/strong> Temsilciler Meclisi\u2019nde (Tweede Kamer) kabul edilmi\u015ftir. Ard\u0131ndan, yasan\u0131n g\u00f6r\u00fc\u015f\u00fclmesi i\u00e7in <strong>Eerste Kamer<\/strong> s\u00fcreci ba\u015flam\u0131\u015f olup tasar\u0131 h\u00e2len de\u011ferlendirme a\u015famas\u0131ndad\u0131r. Bu nedenle:<\/p>\n\n\n\n<h3 class=\"wp-block-heading\"><strong>Yasa hen\u00fcz y\u00fcr\u00fcrl\u00fc\u011fe girmemi\u015ftir.<\/strong><\/h3>\n\n\n\n<p>Ayr\u0131ca, tasar\u0131ya eklenen d\u00fczeltme niteli\u011findeki <strong>novelle<\/strong> (yard\u0131m edenlerin cezai sorumlulu\u011funa ili\u015fkin de\u011fi\u015fiklik), <strong>12 Kas\u0131m 2025<\/strong> tarihinde resmen Eerste Kamer (senatoya) sunulmu\u015ftur. Bu ek d\u00fczenleme de h\u00e2l\u00e2 g\u00f6r\u00fc\u015fme s\u00fcrecindedir.<\/p>\n\n\n\n<h2 class=\"wp-block-heading\"><strong>2. Asielnoodmaatregelenwet Ne Getiriyor?<\/strong><\/h2>\n\n\n\n<p>H\u00fck\u00fcmet, bu yasa ile s\u0131\u011f\u0131nma sistemini \u201crahatlatmay\u0131\u201d ve ba\u015fvuru say\u0131s\u0131n\u0131 \u201cy\u00f6netilebilir seviyeye \u00e7ekmeyi\u201d hedefledi\u011fini belirtmektedir. Tasar\u0131, bu kapsamda bir dizi \u00f6nemli de\u011fi\u015fiklik \u00f6ng\u00f6rmektedir:<\/p>\n\n\n\n<h3 class=\"wp-block-heading\"><strong>a. S\u0131\u011f\u0131nma oturum izninin s\u00fcresinin k\u0131salt\u0131lmas\u0131<\/strong><\/h3>\n\n\n\n<p>Ge\u00e7ici asiel oturum izni <strong>5 y\u0131ldan 3 y\u0131la<\/strong> indirilmektedir. Bu durum, s\u0131\u011f\u0131nmac\u0131lar\u0131n uzun vadeli hukuki g\u00fcvence ve istikrar beklentisini do\u011frudan etkilemektedir.<\/p>\n\n\n\n<h3 class=\"wp-block-heading\"><strong>b. S\u00fcresiz oturum (onbepaalde tijd) hakk\u0131n\u0131n kald\u0131r\u0131lmas\u0131<\/strong><\/h3>\n\n\n\n<p>Asiel stat\u00fcs\u00fc kapsam\u0131nda verilen s\u00fcresiz oturum izni tamamen kald\u0131r\u0131lmakta; bu da kal\u0131c\u0131 koruma stat\u00fcs\u00fcn\u00fc \u00f6nemli \u00f6l\u00e7\u00fcde zay\u0131flatmaktad\u0131r.<\/p>\n\n\n\n<h3 class=\"wp-block-heading\"><strong>c. Aile birle\u015fiminde s\u0131n\u0131rlamalar<\/strong><\/h3>\n\n\n\n<p>\u00d6zellikle evli olmayan partnerler, re\u015fit \u00e7ocuklar ve \u00e7ekirdek aile d\u0131\u015f\u0131ndaki ki\u015filerin \u201cnareis\u201d kapsam\u0131nda gelmesi daha zor h\u00e2le gelmektedir.<\/p>\n\n\n\n<h3 class=\"wp-block-heading\"><strong>d. Prosed\u00fcrsel de\u011fi\u015fiklikler<\/strong><\/h3>\n\n\n\n<ul class=\"wp-block-list\">\n<li>IND\u2019nin ret karar\u0131 \u00f6ncesi bilgilendirme yapt\u0131\u011f\u0131 <strong>voornemenprocedure (Red Niyet Mektubu)<\/strong> kald\u0131r\u0131lmaktad\u0131r.<br><\/li>\n\n\n\n<li>Tekrarlayan ba\u015fvurular (herhaalde aanvraag) i\u00e7in daha s\u0131k\u0131 kriterler getirilmektedir.<br><\/li>\n<\/ul>\n\n\n\n<h3 class=\"wp-block-heading\"><strong>e. Kamu d\u00fczeni ve g\u00fcvenlik odakl\u0131 sertle\u015fme<\/strong><\/h3>\n\n\n\n<p>\u201cOngewenstverklaring\u201d yani istenmeyen ki\u015fi ilan\u0131 daha geni\u015f kategorilere uygulanabilir hale gelmektedir.<\/p>\n\n\n\n<p>Bu de\u011fi\u015fiklikler, hem stat\u00fc g\u00fcvenli\u011fi hem de entegrasyon s\u00fcreci a\u00e7\u0131s\u0131ndan yeni belirsizlikler do\u011furmaktad\u0131r.<\/p>\n\n\n\n<h2 class=\"wp-block-heading\"><strong>3. En Tart\u0131\u015fmal\u0131 De\u011fi\u015fiklik: \u201c\u0130llegal \u0130kamet\u201din Su\u00e7 H\u00e2line Getirilmesi<\/strong><\/h2>\n\n\n\n<p>Bu yasa tweede kamer (parlamentoda) g\u00f6r\u00fc\u015f\u00fcl\u00fcrken&nbsp; bir de\u011fi\u015fiklikle, <strong>Vreemdelingenwet 2000\u2019e 108a maddesi<\/strong> eklenmi\u015f ve Hollanda\u2019da izinsiz ikamet eden yeti\u015fkin yabanc\u0131lar\u0131n durumu, genel ve ba\u011f\u0131ms\u0131z bir <strong>\u201cmisdrijf\u201d<\/strong> (su\u00e7) olarak tan\u0131mlanm\u0131\u015ft\u0131r.<\/p>\n\n\n\n<p>Bu d\u00fczenleme, Hollanda\u2019da daha \u00f6nce yaln\u0131zca inreisverbod (geri giri\u015f yasa\u011f\u0131) veya ongewenstverklaring (istenmeyen ki\u015fi karar\u0131) kapsam\u0131nda var olan cezai yapt\u0131r\u0131mlar\u0131n <strong>genel bir \u201cillegal verblijf su\u00e7u\u201dna<\/strong> geni\u015fletilmesi anlam\u0131na gelmektedir.<\/p>\n\n\n\n<p>Bu ad\u0131m\u0131n temel haklar,\u00f6zg\u00fcrl\u00fckler,AB hukuku,geri d\u00f6n\u00fc\u015f politikalar\u0131 ve kamu g\u00fcvenli\u011fi a\u00e7\u0131s\u0131ndan yaratt\u0131\u011f\u0131 etkiler hem siyasette hem hukuk \u00e7evrelerinde ciddi \u015fekilde tart\u0131\u015f\u0131lm\u0131\u015f ve toplumda ciddi tepkilere yol a\u00e7m\u0131\u015ft\u0131r.&nbsp;<\/p>\n\n\n\n<h2 class=\"wp-block-heading\"><strong>4. Novelle ile Getirilen D\u00fczenleme: Yard\u0131m Edenlerin Cezas\u0131zl\u0131\u011f\u0131<\/strong><\/h2>\n\n\n\n<p>Raad van State\u2019nin (Dan\u0131\u015ftay)&nbsp; 28 A\u011fustos 2025 tarihli g\u00f6r\u00fc\u015f\u00fcnde, bu yeni su\u00e7 tipinin <strong>insani yard\u0131m sa\u011flayan ki\u015fileri de cezaland\u0131r\u0131labilir h\u00e2le getirece\u011fi<\/strong> ifade edilmi\u015ftir. Bu uyar\u0131 \u00fczerine h\u00fck\u00fcmet, durumu d\u00fczeltmek i\u00e7in \u00f6zel bir <strong>novelle<\/strong> sunmu\u015ftur.<\/p>\n\n\n\n<p>Novelle ile 108a maddesinin \u00fc\u00e7\u00fcnc\u00fc f\u0131kras\u0131na \u015fu h\u00fck\u00fcm eklenmektedir:<\/p>\n\n\n\n<p><strong>\u201cDeelnemen aan dit misdrijf, anders dan als pleger, is niet strafbaar.\u201d<\/strong><\/p>\n\n\n\n<p>Bu d\u00fczenlemenin anlam\u0131:<\/p>\n\n\n\n<ul class=\"wp-block-list\">\n<li>Sadece <strong>bizzat izinsiz ikamet eden ki\u015fi (pleger)<\/strong> cezaland\u0131r\u0131labilir.<br><\/li>\n\n\n\n<li>Yard\u0131m eden, destek veren, bilgi sa\u011flayan veya konaklama sunan ki\u015filer <strong>su\u00e7lanamaz<\/strong>.<br><\/li>\n<\/ul>\n\n\n\n<p>Bu de\u011fi\u015fiklik \u00f6zellikle: yard\u0131m kurulu\u015flar\u0131,sivil toplum \u00f6rg\u00fctleri,kiliseler,g\u00f6n\u00fcll\u00fcler ve yerel y\u00f6netimler i\u00e7in \u00f6nemli bir hukuki g\u00fcvencedir.<\/p>\n\n\n\n<h3 class=\"wp-block-heading\"><strong>Ancak \u00f6nemli bir istisna vard\u0131r:<\/strong><\/h3>\n\n\n\n<p>E\u011fer yard\u0131m edilen ki\u015fi hakk\u0131nda; <strong>inreisverbod<\/strong> (giri\u015f yasa\u011f\u0131) veya <strong>ongewenstverklaring (istenmeyen ki\u015fi karar\u0131) <\/strong>bulunuyorsa ve yard\u0131m eden ki\u015fi bunu biliyor veya bilmesi bekleniyorsa bu durumda yard\u0131m eden bu ki\u015fi h\u00e2len <strong>medepleger (su\u00e7 orta\u011f\u0131 ) yada medeplichtige ( yard\u0131m eden)<\/strong> olarak cezai sorumluluk ta\u015f\u0131yabilir.<\/p>\n\n\n\n<p>Bu durum, uygulamada karma\u015f\u0131k hukuki de\u011ferlendirmeleri beraberinde getirecektir.<\/p>\n\n\n\n<h2 class=\"wp-block-heading\"><strong>5. Raad van State\u2019nin Genel De\u011ferlendirmesi<\/strong><\/h2>\n\n\n\n<p>Raad van State, bu yasan\u0131n&nbsp; haz\u0131rlanma s\u00fcrecine y\u00f6nelik \u00f6nemli ele\u015ftirilerde bulunmaktad\u0131r:<\/p>\n\n\n\n<ul class=\"wp-block-list\">\n<li>Strafbaarstelling (eylemi su\u00e7 olarak kabul etme ) gereklili\u011fi yeterince&nbsp;<\/li>\n<\/ul>\n\n\n\n<p>temellendirilmemi\u015ftir.<\/p>\n\n\n\n<ul class=\"wp-block-list\">\n<li>Mevcut ara\u00e7larla kar\u015f\u0131la\u015ft\u0131rmal\u0131 analiz yap\u0131lmam\u0131\u015ft\u0131r.<br><\/li>\n\n\n\n<li>Uygulanabilirlik ve toplumsal etkiler yeterince incelenmemi\u015ftir.<br><\/li>\n\n\n\n<li>Yasan\u0131n haz\u0131rl\u0131k&nbsp; s\u00fcreci aceleye getirilmi\u015ftir.<br><\/li>\n\n\n\n<li>Avrupa Birli\u011fi hukuku ve temel haklar ba\u011flam\u0131nda ciddi sorular bulunmaktad\u0131r.<br><\/li>\n<\/ul>\n\n\n\n<p>Ayr\u0131ca, cezai yapt\u0131r\u0131m ve yeni d\u00fczenlemeler :<\/p>\n\n\n\n<ul class=\"wp-block-list\">\n<li>s\u0131\u011f\u0131nmac\u0131lar\u0131n devletten tamamen uzakla\u015fmas\u0131na,<br><\/li>\n\n\n\n<li>geri d\u00f6n\u00fc\u015f s\u00fcrecinin zorla\u015fmas\u0131na,<br><\/li>\n\n\n\n<li>temel yard\u0131ma eri\u015fimin engellenmesine,<br><\/li>\n\n\n\n<li>evsizlik ve kamu d\u00fczeni sorunlar\u0131n\u0131n artmas\u0131na<br><\/li>\n<\/ul>\n\n\n\n<p>neden olabilece\u011fi belirtilmi\u015ftir.<\/p>\n\n\n\n<h2 class=\"wp-block-heading\"><strong>Sonu\u00e7: S\u00fcre\u00e7 Devam Ediyor ve Etkileri B\u00fcy\u00fck Olacak<\/strong><\/h2>\n\n\n\n<p>Asielnoodmaatregelenwet ve ona eklenen novelle, h\u00e2len yasama s\u00fcreci i\u00e7erisindedir ve hen\u00fcz y\u00fcr\u00fcrl\u00fc\u011fe girmemi\u015ftir. \u00d6n\u00fcm\u00fczdeki g\u00fcnlerde senato taraf\u0131ndan&nbsp; g\u00f6r\u00fc\u015f\u00fclmesi ve bir karar alt\u0131na al\u0131nmas\u0131 beklenmektedir.&nbsp;<\/p>\n\n\n\n<p>Senatonun bu yasay\u0131 onaylamas\u0131 halinde \u00f6zetle ; yasay\u0131 imza alt\u0131na almak ve yay\u0131nlanmak \u00fczere Kraliyet makam\u0131na g\u00f6nderilecektir.Kraliyet makam\u0131 yasan\u0131n maddelerinin y\u00fcr\u00fcrl\u00fck tarihlerini d\u00fczenleyen bir kararname ile&nbsp; uygulanmak \u00fczere Statblad\u2019da ilan ettirecektir.<\/p>\n\n\n\n<p>Senato bu yasay\u0131 kabul etmez ise yasa ve yasa ile ilgili novelle d\u00fc\u015fecektir. Yasa mevcut hali ile hi\u00e7bir h\u00fck\u00fcm ve sonu\u00e7 do\u011furamaz.&nbsp; H\u00fck\u00fcmet bu konu ile ilgili yeni bir yasa d\u00fczenlemek ister ise yasama s\u00fcrecine en ba\u015ftan tekrar ba\u015flamak zorunda kalacakt\u0131r.&nbsp;&nbsp;&nbsp;&nbsp;&nbsp;&nbsp;&nbsp;<\/p>\n\n\n\n<p>&nbsp;Bu yasada&nbsp; mevcut hali ile \u00f6ng\u00f6r\u00fclen de\u011fi\u015fiklikler, Hollanda\u2019daki s\u0131\u011f\u0131nma sistemini, yabanc\u0131lar\u0131n hukuki konumunu ve sosyal destek mekanizmalar\u0131n\u0131 \u00f6nemli \u00f6l\u00e7\u00fcde etkileme potansiyeline sahiptir. Bu konuda toplumun ciddi bir kesimi tepki g\u00f6stermeye devam etmekte olup Dan\u0131\u015ftay\u2019\u0131n&nbsp; olumsuz g\u00f6r\u00fc\u015fleri&nbsp; a\u00e7\u0131kt\u0131r.&nbsp;<\/p>\n\n\n\n<p>T\u00fcm bu itiraz ve olumsuz g\u00f6r\u00fc\u015fler dikkate al\u0131narak Senatonun bir an \u00f6nce bu yasay\u0131 kabul etmemesi ve toplumun huzur ve birli\u011fine katk\u0131 sumas\u0131 ve do\u011fabilecek olumsuzluklar\u0131 \u015fimdiden \u00f6nlemesi gerekmektedir.&nbsp;<\/p>\n\n\n\n<p>T\u00fcm g\u00f6zler senatodan \u00e7\u0131kacak kararda olup konuyu takip etmeye ve sizleri bilgilendirmeye devam edece\u011fiz. <\/p>\n\n\n\n<p>Sayg\u0131lar\u0131m\u0131zla.&nbsp;<\/p>\n\n\n\n<p><strong>AvukatHHT Dan\u0131\u015fmanl\u0131k&nbsp;&nbsp;&nbsp;&nbsp;<\/strong><\/p>\n\n\n\n<p><\/p>\n","protected":false},"excerpt":{"rendered":"<p>G\u00f6zler Dan\u0131\u015ftayda: \u0130ltica Acil \u00d6nlemler Yasas\u0131nda&nbsp; Son Durum&nbsp; Hollanda\u2019da g\u00f6\u00e7 ve s\u0131\u011f\u0131nma politikalar\u0131, \u00f6zellikle son bir y\u0131l i\u00e7erisinde, yo\u011fun tart\u0131\u015fmalar\u0131n<\/p>\n","protected":false},"author":1,"featured_media":17334,"comment_status":"open","ping_status":"open","sticky":false,"template":"","format":"standard","meta":{"_coblocks_attr":"","_coblocks_dimensions":"","_coblocks_responsive_height":"","_coblocks_accordion_ie_support":"","footnotes":""},"categories":[88,83],"tags":[],"class_list":["post-17335","post","type-post","status-publish","format-standard","has-post-thumbnail","hentry","category-haberler","category-mesleki-makaleler"],"_links":{"self":[{"href":"https:\/\/avukathht.com\/tr\/wp-json\/wp\/v2\/posts\/17335","targetHints":{"allow":["GET"]}}],"collection":[{"href":"https:\/\/avukathht.com\/tr\/wp-json\/wp\/v2\/posts"}],"about":[{"href":"https:\/\/avukathht.com\/tr\/wp-json\/wp\/v2\/types\/post"}],"author":[{"embeddable":true,"href":"https:\/\/avukathht.com\/tr\/wp-json\/wp\/v2\/users\/1"}],"replies":[{"embeddable":true,"href":"https:\/\/avukathht.com\/tr\/wp-json\/wp\/v2\/comments?post=17335"}],"version-history":[{"count":2,"href":"https:\/\/avukathht.com\/tr\/wp-json\/wp\/v2\/posts\/17335\/revisions"}],"predecessor-version":[{"id":17337,"href":"https:\/\/avukathht.com\/tr\/wp-json\/wp\/v2\/posts\/17335\/revisions\/17337"}],"wp:featuredmedia":[{"embeddable":true,"href":"https:\/\/avukathht.com\/tr\/wp-json\/wp\/v2\/media\/17334"}],"wp:attachment":[{"href":"https:\/\/avukathht.com\/tr\/wp-json\/wp\/v2\/media?parent=17335"}],"wp:term":[{"taxonomy":"category","embeddable":true,"href":"https:\/\/avukathht.com\/tr\/wp-json\/wp\/v2\/categories?post=17335"},{"taxonomy":"post_tag","embeddable":true,"href":"https:\/\/avukathht.com\/tr\/wp-json\/wp\/v2\/tags?post=17335"}],"curies":[{"name":"wp","href":"https:\/\/api.w.org\/{rel}","templated":true}]}}