{"id":17430,"date":"2025-11-26T18:23:22","date_gmt":"2025-11-26T18:23:22","guid":{"rendered":"https:\/\/avukathht.com\/?p=17430"},"modified":"2025-11-26T18:24:19","modified_gmt":"2025-11-26T18:24:19","slug":"hollandada-cocuklar-uzerinden-oturum-nasil-alinabilir","status":"publish","type":"post","link":"https:\/\/avukathht.com\/tr\/2025\/11\/hollandada-cocuklar-uzerinden-oturum-nasil-alinabilir\/","title":{"rendered":"HOLLANDA&#8217;DA \u00c7OCUKLAR \u00dcZER\u0130NDEN OTURUM NASIL ALINAB\u0130L\u0130R?"},"content":{"rendered":"\n<p>Hollanda&#8217;da bir\u00e7ok aile, oturum hakk\u0131n\u0131 \u201c<strong>\u00e7ocuk \u00fczerinden\u201d<\/strong> al\u0131p alamayaca\u011f\u0131n\u0131 merak ediyor.&nbsp; Mevcut uygulamalarda bu yolla oturum alabilmenin \u00fc\u00e7 ayr\u0131 yolu vard\u0131r.&nbsp;<\/p>\n\n\n\n<p>Bu yaz\u0131da, hem ebeveynlerin \u00e7ocuklar\u0131n\u0131 Hollanda\u2019ya getirme s\u00fcre\u00e7lerini hem de Hollanda vatanda\u015f\u0131 \u00e7ocu\u011fu olan ebeveynlerin oturum hakk\u0131n\u0131&nbsp; detayl\u0131&nbsp; bir \u015fekilde ele al\u0131yoruz.<\/p>\n\n\n\n<p>1. <strong>\u00c7ocu\u011fun Hollanda\u2019ya Getirilmesi: Klasik Aile Birle\u015fimi<\/strong><\/p>\n\n\n\n<p>Bu en s\u0131k kar\u015f\u0131la\u015f\u0131lan durumdur. Burada ama\u00e7, Hollanda\u2019da ya\u015fayan ebeveynin 18 ya\u015f alt\u0131ndaki \u00e7ocu\u011funu yan\u0131na almas\u0131d\u0131r.<\/p>\n\n\n\n<p><strong>Temel \u015eartlar<\/strong><\/p>\n\n\n\n<p>-Ebeveyn Hollanda vatanda\u015f\u0131 ya da ge\u00e7erli oturum izni sahibi olmal\u0131.<\/p>\n\n\n\n<p>-\u00c7ocuk 18 ya\u015f\u0131ndan k\u00fc\u00e7\u00fck olmal\u0131 ve evli\/fiilen ba\u011f\u0131ms\u0131z ya\u015fam\u0131yor olmal\u0131. (\u0130ltica yolu ile oturma izni alm\u0131\u015f olan ailelerde 25 ya\u015f\u0131na kadar birle\u015fim hali haz\u0131rda m\u00fcmk\u00fcn )<\/p>\n\n\n\n<p>-Ebeveynin \u00e7ocu\u011fun bak\u0131m\u0131ndan sorumlu oldu\u011funu g\u00f6steren velayet belgesi bulunmal\u0131.<\/p>\n\n\n\n<p>-Ebeveyn, \u00e7o\u011fu ba\u015fvuruda yeterli ve ba\u011f\u0131ms\u0131z gelir \u015fart\u0131n\u0131 kar\u015f\u0131lamal\u0131.<\/p>\n\n\n\n<p>-\u00c7ocuk Hollanda\u2019ya geldikten sonra ebeveynle fiilen birlikte ya\u015fayacak olmal\u0131.<\/p>\n\n\n\n<p>Uygulamada; oturum sahibi olan ebeveynler \u00e7ocuklar\u0131 ile ilgili normal aile birle\u015fimi m\u00fcracaat\u0131 yapar. IND taraf\u0131ndan talep edilen belge ve bilgiler eksiksiz haz\u0131rlanmal\u0131 ve teslim edilmelidir.\u00a0<\/p>\n\n\n\n<p>Ebeveynler a\u00e7\u0131s\u0131ndan yeterli gelir \u015fart\u0131 ve fiilen birlikte ya\u015fayacaklar\u0131 ba\u011f\u0131ms\u0131z (ba\u015fka birinin yan\u0131nda ikamet etmeme) ev \u015fartlar\u0131n\u0131n uygun&nbsp; olmas\u0131 halinde yukar\u0131da belirtilen temel \u015fartlarda dikkate al\u0131narak \u00e7ocuklar i\u00e7in oturum izni verilir.&nbsp;<\/p>\n\n\n\n<p>Bo\u015fanm\u0131\u015f e\u015flerde velayet hangi e\u015fin \u00fczerinde kalm\u0131\u015f ise aile birle\u015fimine bu e\u015f m\u00fcracaat edebilir. Velayet hakk\u0131 olmayan e\u015fin ba\u015fvurular\u0131 genellikle kabul edilmemektedir.&nbsp;<\/p>\n\n\n\n<p>Uygulama da \u00e7ocu\u011fun&nbsp; aileden ba\u011f\u0131ms\u0131z ya\u015fama konusu&nbsp; (farkl\u0131 il veya \u00fclkede e\u011fitim g\u00f6rmesi v.b&nbsp; ) sorun te\u015fkil etmektedir. Uygulama da bu durumda olan \u00e7ocuklar ile m\u00fclakat yap\u0131lmakta ve aileden ba\u011f\u0131ms\u0131z ya\u015fayamama konusu detayl\u0131 incelenmektedir.&nbsp;&nbsp;<\/p>\n\n\n\n<p>Oturum izni hem \u00e7ocu\u011fun hem de ailenin gelece\u011fi i\u00e7in kritik oldu\u011fundan, ba\u015fvurunun eksiksiz haz\u0131rlanmas\u0131 ve do\u011fru hukuki strateji kurulmas\u0131 b\u00fcy\u00fck \u00f6nem ta\u015f\u0131r.<\/p>\n\n\n\n<p><strong>2. Hollanda\u2019da Do\u011fan \u00c7ocuklar \u0130\u00e7in Oturum<\/strong><\/p>\n\n\n\n<p>Ebeveynlerden biri Hollanda\u2019da yasal olarak kal\u0131yorsa ve \u00e7ocuk Hollanda\u2019da do\u011fmu\u015f ise \u00e7ocuk i\u00e7in \u00f6zel bir oturum izni t\u00fcr\u00fc vard\u0131r.<\/p>\n\n\n\n<p>\u00d6ncelikle;<\/p>\n\n\n\n<p><strong>\u00c7ocuk Hollanda\u2019da do\u011far ama otomatik olarak Hollanda vatanda\u015f\u0131 olmaz.<\/strong><\/p>\n\n\n\n<p>Do\u011fum sonras\u0131 \u00e7ocuk i\u00e7in oturum ba\u015fvurusu yap\u0131l\u0131r. Ailenin oturum durumuna uygun olarak \u00e7ocuk i\u00e7in de oturum izni verilir.&nbsp;<\/p>\n\n\n\n<p>Bu t\u00fcr oturumlar ileride humanitair niet-tijdelijk (ge\u00e7ici olmayan insani oturum) stat\u00fcs\u00fcne d\u00f6n\u00fc\u015febilir ve kal\u0131c\u0131 oturum yolunu a\u00e7ar.<\/p>\n\n\n\n<p>Bu nedenle \u00e7ocuk Hollanda de do\u011fduysa, ebeveyn stat\u00fcs\u00fcn\u00fcn do\u011fru y\u00f6netilmesi uzun vadede \u00e7ok b\u00fcy\u00fck avantajlar sa\u011flar.&nbsp;<\/p>\n\n\n\n<p><strong>3. AB Hukuku \u00c7er\u00e7evesinde \u00c7ocuk \u00dczerinden Oturum Hakk\u0131&nbsp;<\/strong><\/p>\n\n\n\n<p><strong>(Zambrano ve Ch\u00e1vez-Vilchez kararlar\u0131)<\/strong><\/p>\n\n\n\n<p>Avrupa Birli\u011fi hukukunda AB vatanda\u015f\u0131 bir \u00e7ocu\u011fun korunmas\u0131, aile hayat\u0131n\u0131n b\u00fct\u00fcnl\u00fc\u011f\u00fc ve \u00e7ocu\u011fun kendi \u00fclkesinde ya\u015fama hakk\u0131 temel de\u011ferler aras\u0131nda yer almaktad\u0131r. Bu ba\u011flamda yabanc\u0131 ebeveynlerin, Hollanda vatanda\u015f\u0131 \u00e7ocuklar\u0131 \u00fczerinden oturum hakk\u0131 elde edebilmesi \u00f6zellikle iki \u00f6nemli Avrupa Adalet Divan\u0131 karar\u0131 ile \u015fekillenmi\u015ftir: Zambrano (C-34\/09) ve Ch\u00e1vez-Vilchez (C-133\/15).<\/p>\n\n\n\n<p>Bu iki karar birlikte de\u011ferlendirildi\u011finde, \u00e7ocuk merkezli oturum hakk\u0131n\u0131n hukuki temelleri ve uygulanma ko\u015fullar\u0131 daha net bir \u015fekilde anla\u015f\u0131lmaktad\u0131r.<\/p>\n\n\n\n<p><strong>a- Zambrano karar\u0131nda <\/strong>Avrupa Adalet Divan\u0131 \u015fu ilkeyi ortaya koymu\u015ftur:<\/p>\n\n\n\n<p>\u201cBir AB vatanda\u015f\u0131 \u00e7ocuk, ebeveynine oturum verilmemesi nedeniyle AB topraklar\u0131n\u0131 terk etmek zorunda kal\u0131yorsa, bu durum \u00e7ocu\u011fun AB vatanda\u015fl\u0131\u011f\u0131ndan do\u011fan haklar\u0131n\u0131 fiilen ortadan kald\u0131r\u0131r ve bu nedenle kabul edilemez.\u201d<\/p>\n\n\n\n<p>Bu yakla\u015f\u0131m, yabanc\u0131 ebeveyne <strong>gelir \u015fart\u0131, sponsor veya entegrasyon \u015fart\u0131 aranmadan<\/strong> oturum verilmesini zorunlu k\u0131lm\u0131\u015ft\u0131r.<br><\/p>\n\n\n\n<p>&nbsp;Dolay\u0131s\u0131yla Zambrano karar\u0131; \u00e7ocu\u011fun varl\u0131\u011f\u0131na, \u00e7ocu\u011fun AB i\u00e7inde ya\u015fama hakk\u0131na, \u00fclkeyi terk etme riskine odaklanan <strong>otomatik bir koruma mekanizmas\u0131<\/strong> niteli\u011findedir.<\/p>\n\n\n\n<p><strong>b-Ch\u00e1vez-Vilchez karar\u0131<\/strong> ise Zambrano ilkesini daraltmak yerine, uygulamay\u0131 <strong>\u00e7ocu\u011fun somut ihtiya\u00e7lar\u0131 \u00e7er\u00e7evesinde derinle\u015ftirmi\u015ftir<\/strong>.<\/p>\n\n\n\n<p>Mahkeme, \u00f6zellikle ebeveynlerin ayr\u0131 ya\u015fad\u0131\u011f\u0131 durumlarda, \u00e7ocu\u011fun bak\u0131m\u0131n\u0131n hangi ebeveyn taraf\u0131ndan sa\u011fland\u0131\u011f\u0131n\u0131 de\u011ferlendirme zorunlulu\u011funu ortaya koymu\u015ftur. Bu karar uyar\u0131nca devlet makamlar\u0131 \u015fu sorular\u0131 ara\u015ft\u0131rmakla y\u00fck\u00fcml\u00fcd\u00fcr:<\/p>\n\n\n\n<ul class=\"wp-block-list\">\n<li>\u00c7ocu\u011fun bak\u0131m\u0131n\u0131 fiilen kim \u00fcstleniyor?<br><\/li>\n\n\n\n<li>AB vatanda\u015f\u0131 ebeveyn (genelde anne) \u00e7ocu\u011fa tek ba\u015f\u0131na yeterli bak\u0131m sa\u011flayabilir mi?<br><\/li>\n\n\n\n<li>Yabanc\u0131 ebeveynin \u00e7ocu\u011fun geli\u015fiminde rol\u00fc nedir?<br><\/li>\n\n\n\n<li>\u00c7ocuk, yabanc\u0131 ebeveyn olmadan ciddi zarar g\u00f6r\u00fcr m\u00fc?<br><\/li>\n<\/ul>\n\n\n\n<p>Bu de\u011ferlendirme yap\u0131lmadan yabanc\u0131 ebeveyne oturum verilmemesi hukuka ayk\u0131r\u0131d\u0131r.<\/p>\n\n\n\n<p>Her iki karar da temelde <strong>\u00e7ocu\u011fun \u00fcst\u00fcn yarar\u0131 ilkesini<\/strong> merkezine al\u0131r.<\/p>\n\n\n\n<p>Bu kapsamda:<\/p>\n\n\n\n<ul class=\"wp-block-list\">\n<li>\u00e7ocu\u011fun AB i\u00e7inde ya\u015fama hakk\u0131,<br><\/li>\n\n\n\n<li>e\u011fitim ve sosyal geli\u015fimi,<br><\/li>\n\n\n\n<li>aile ba\u011flar\u0131n\u0131n korunmas\u0131,<br><\/li>\n\n\n\n<li>vatanda\u015fl\u0131k haklar\u0131n\u0131n anlaml\u0131 \u015fekilde kullan\u0131labilmesi<br><\/li>\n<\/ul>\n\n\n\n<p>devletlerin oturum politikalar\u0131ndan daha \u00f6nceliklidir.<\/p>\n\n\n\n<p><strong>Zambrano ve Ch\u00e1vez-Vilchez birlikte ele al\u0131nd\u0131\u011f\u0131nda ortaya \u00e7\u0131kan temel sonu\u00e7 \u015fudur: <\/strong>Hollanda vatanda\u015f\u0131 bir \u00e7ocu\u011fun yabanc\u0131 ebeveynine, \u00e7ocu\u011fun AB d\u0131\u015f\u0131na \u00e7\u0131kmas\u0131n\u0131 engellemek ve \u00e7ocu\u011fun \u00fcst\u00fcn yarar\u0131n\u0131 korumak amac\u0131yla, gelir \u015fart\u0131 aranmadan oturum hakk\u0131 tan\u0131nmal\u0131d\u0131r.<\/p>\n\n\n\n<p>Bu yakla\u015f\u0131m, yaln\u0131zca ebeveynin menfaatini de\u011fil, esas olarak \u00e7ocu\u011fun aile b\u00fct\u00fcnl\u00fc\u011f\u00fc, duygusal geli\u015fimi,kimlik ve vatanda\u015fl\u0131k ba\u011flar\u0131 \u00fczerindeki etkileri dikkate al\u0131r.<\/p>\n\n\n\n<p><strong>Ba\u015fvuruda Dikkat Edilmesi Gerekenler<\/strong><\/p>\n\n\n\n<p><strong>Zambrano ve Chavez ba\u015fvurular\u0131nda<\/strong> ba\u015far\u0131, b\u00fcy\u00fck \u00f6l\u00e7\u00fcde delillendirme kalitesine ba\u011fl\u0131d\u0131r.<\/p>\n\n\n\n<p>\u00c7ocu\u011fun bak\u0131m\u0131n\u0131n ger\u00e7ekten bu ebeveyn taraf\u0131ndan y\u00fcr\u00fct\u00fcld\u00fc\u011f\u00fc,<\/p>\n\n\n\n<p>\u00c7ocu\u011fun psikolojik, sosyal ve duygusal ba\u011flar\u0131,<\/p>\n\n\n\n<p>Di\u011fer ebeveynin mevcut durumu, somut belgeler ve a\u00e7\u0131klamalarla&nbsp;<\/p>\n\n\n\n<p>desteklenmelidir.<\/p>\n\n\n\n<p><strong>Sonu\u00e7: Her \u201c\u00c7ocuk \u00dczerinden Oturum\u201d Ayn\u0131 De\u011fildir<\/strong><\/p>\n\n\n\n<p>Gerek aile birle\u015fimi, gerek do\u011fum sonras\u0131 oturum, gerekse Zambrano,<strong> <\/strong>Chavez-Vilchez ba\u015fvurular\u0131 tamamen farkl\u0131 hukuki rejimlere dayan\u0131r. Bu nedenle do\u011fru ba\u015fvuru yolunu belirlemek, hem ebeveyn hem \u00e7ocuk i\u00e7in uzun vadeli sonu\u00e7lar do\u011furur.<\/p>\n\n\n\n<p>G\u00f6\u00e7menlik hukuku aile ya\u015fam\u0131n\u0131 do\u011frudan etkileyen bir aland\u0131r ve her dosya kendine \u00f6zg\u00fcd\u00fcr. Bu nedenle ba\u015fvuru \u00f6ncesi dosyan\u0131n hukuki a\u00e7\u0131dan detayl\u0131 de\u011ferlendirilmesi b\u00fcy\u00fck \u00f6nem ta\u015f\u0131r.<\/p>\n\n\n\n<p><strong>Hukuki Destek ve Profesyonel De\u011ferlendirme<\/strong><\/p>\n\n\n\n<p>Oturum izinleri hakk\u0131nda profesyonel destek almak veya dosyan\u0131z\u0131n hangi kategoriye girdi\u011fini \u00f6\u011frenmek isterseniz, Hollanda G\u00f6\u00e7menlik Hukuku alan\u0131ndaki tecr\u00fcbemle yard\u0131mc\u0131 olmaktan memnuniyet duyar\u0131z.<\/p>\n\n\n\n<p><strong>AvukatHHT DANI\u015eMANLIK&nbsp;<\/strong><\/p>\n\n\n\n<p>\ud83d\udc49 \u0130leti\u015fim ve hukuki dan\u0131\u015fmanl\u0131k i\u00e7in: www.avukathht.com<\/p>\n\n\n\n<p>.<\/p>\n","protected":false},"excerpt":{"rendered":"<p>Hollanda&#8217;da bir\u00e7ok aile, oturum hakk\u0131n\u0131 \u201c\u00e7ocuk \u00fczerinden\u201d al\u0131p alamayaca\u011f\u0131n\u0131 merak ediyor.&nbsp; Mevcut uygulamalarda bu yolla oturum alabilmenin \u00fc\u00e7 ayr\u0131 yolu<\/p>\n","protected":false},"author":1,"featured_media":17429,"comment_status":"open","ping_status":"open","sticky":false,"template":"","format":"standard","meta":{"_coblocks_attr":"","_coblocks_dimensions":"","_coblocks_responsive_height":"","_coblocks_accordion_ie_support":"","footnotes":""},"categories":[83],"tags":[],"class_list":["post-17430","post","type-post","status-publish","format-standard","has-post-thumbnail","hentry","category-mesleki-makaleler"],"_links":{"self":[{"href":"https:\/\/avukathht.com\/tr\/wp-json\/wp\/v2\/posts\/17430","targetHints":{"allow":["GET"]}}],"collection":[{"href":"https:\/\/avukathht.com\/tr\/wp-json\/wp\/v2\/posts"}],"about":[{"href":"https:\/\/avukathht.com\/tr\/wp-json\/wp\/v2\/types\/post"}],"author":[{"embeddable":true,"href":"https:\/\/avukathht.com\/tr\/wp-json\/wp\/v2\/users\/1"}],"replies":[{"embeddable":true,"href":"https:\/\/avukathht.com\/tr\/wp-json\/wp\/v2\/comments?post=17430"}],"version-history":[{"count":1,"href":"https:\/\/avukathht.com\/tr\/wp-json\/wp\/v2\/posts\/17430\/revisions"}],"predecessor-version":[{"id":17431,"href":"https:\/\/avukathht.com\/tr\/wp-json\/wp\/v2\/posts\/17430\/revisions\/17431"}],"wp:featuredmedia":[{"embeddable":true,"href":"https:\/\/avukathht.com\/tr\/wp-json\/wp\/v2\/media\/17429"}],"wp:attachment":[{"href":"https:\/\/avukathht.com\/tr\/wp-json\/wp\/v2\/media?parent=17430"}],"wp:term":[{"taxonomy":"category","embeddable":true,"href":"https:\/\/avukathht.com\/tr\/wp-json\/wp\/v2\/categories?post=17430"},{"taxonomy":"post_tag","embeddable":true,"href":"https:\/\/avukathht.com\/tr\/wp-json\/wp\/v2\/tags?post=17430"}],"curies":[{"name":"wp","href":"https:\/\/api.w.org\/{rel}","templated":true}]}}