{"id":17498,"date":"2025-12-08T14:39:21","date_gmt":"2025-12-08T14:39:21","guid":{"rendered":"https:\/\/avukathht.com\/?p=17498"},"modified":"2025-12-08T14:39:23","modified_gmt":"2025-12-08T14:39:23","slug":"avrupa-insan-haklari-mahkemesinin-turkiye-kararlari-ve-turkiyeden-gelen-siginmacilara-etkisi","status":"publish","type":"post","link":"https:\/\/avukathht.com\/tr\/2025\/12\/avrupa-insan-haklari-mahkemesinin-turkiye-kararlari-ve-turkiyeden-gelen-siginmacilara-etkisi\/","title":{"rendered":"AVRUPA \u0130NSAN HAKLARI MAHKEMES\u0130N\u0130N T\u00dcRK\u0130YE KARARLARI VE T\u00dcRK\u0130YE&#8217;DEN GELEN SI\u011eINMACILARA ETK\u0130S\u0130\u00a0"},"content":{"rendered":"\n<p><strong>Giri\u015f: Avrupa\u2019n\u0131n Aynas\u0131nda T\u00fcrkiye<\/strong><\/p>\n\n\n\n<p>Avrupa \u0130nsan Haklar\u0131 Mahkemesi (A\u0130HM), T\u00fcrkiye\u2019ye y\u00f6nelik olarak son y\u0131llarda verdi\u011fi kararlarla hukuk devleti ve temel haklar a\u00e7\u0131s\u0131ndan hepimize \u00f6nemli mesajlar veriyor. \u00d6ne \u00e7\u0131kan davalar aras\u0131nda Osman Kavala, Selahattin Demirta\u015f, Hidayet Karaca, Y\u00fcksel Yal\u00e7\u0131nkaya ve en g\u00fcncel olarak Demirhan ve di\u011ferleri&nbsp; yer al\u0131yor.<\/p>\n\n\n\n<p>Bu kararlar, T\u00fcrkiye\u2019deki yarg\u0131 s\u00fcre\u00e7lerinin yan\u0131 s\u0131ra Avrupa\u2019da ya\u015fayan veya iltica ba\u015fvurusu yapan T\u00fcrkiye k\u00f6kenli bireyler i\u00e7in de \u00f6nemli \u00e7\u0131kar\u0131mlar bar\u0131nd\u0131r\u0131yor.<\/p>\n\n\n\n<p><strong>Ortak Noktalar ve Mesajlar<\/strong><\/p>\n\n\n\n<p>1. <strong>Yarg\u0131 s\u00fcre\u00e7lerinin siyasi\/temel haklarla ili\u015fkilendirildi\u011fi alg\u0131s\u0131<\/strong><\/p>\n\n\n\n<p>Osman Kavala davas\u0131nda, A\u0130HM T\u00fcrkiye\u2019nin hem \u00f6zg\u00fcrl\u00fck ve g\u00fcvenlik hakk\u0131 hem de s\u0131n\u0131rland\u0131rman\u0131n ba\u015fka ama\u00e7la yap\u0131lmamas\u0131 ilkesi (m. 18) a\u00e7\u0131s\u0131ndan ihlal tespit etti.<\/p>\n\n\n\n<p>Selahattin Demirta\u015f davas\u0131nda, siyasal muhalefet hakk\u0131 ve adil yarg\u0131lanma ilkeleri ba\u011flam\u0131nda ciddi ele\u015ftiriler yer ald\u0131.<\/p>\n\n\n\n<p>Hidayet Karaca davas\u0131nda, uzun tutukluluk, makul \u015f\u00fcphe eksikli\u011fi ve savunma hakk\u0131n\u0131n k\u0131s\u0131tlanmas\u0131 gibi durumlar g\u00fcndeme geldi.<\/p>\n\n\n\n<p>Y\u00fcksel Yal\u00e7\u0131nkaya davas\u0131nda, mahkeme \u201csadece ByLock uygulamas\u0131n\u0131 kullanmak\u201d gibi bir kriterle otomatik su\u00e7lama yap\u0131lmas\u0131n\u0131, hukukun \u00f6ng\u00f6r\u00fclebilirli\u011fi ilkesine ayk\u0131r\u0131 buldu.<\/p>\n\n\n\n<p>Demirhan ve di\u011ferleri davas\u0131nda&nbsp; (239 ba\u015fvuran) mahkeme, T\u00fcrkiye\u2019de ByLock kullan\u0131m\u0131na dayanarak yap\u0131lan toplu, bireyselle\u015ftirilmi\u015f su\u00e7lamalar\u0131n m. 7 (su\u00e7 ve ceza kanunili\u011fi) ve m. 6-1 (adil yarg\u0131lanma) ihlali olu\u015fturdu\u011funu a\u00e7\u0131klad\u0131.&nbsp;<\/p>\n\n\n\n<p>Bu davalar, farkl\u0131 akt\u00f6rler ve farkl\u0131 arka planlara sahip gibi g\u00f6r\u00fcnse de ortak \u00e7izgi \u015fu:<\/p>\n\n\n\n<p>-T\u00fcrkiye\u2019de baz\u0131 yarg\u0131 s\u00fcre\u00e7lerinin \u201cter\u00f6r\/ittifak\/\u00f6rg\u00fct\u201d ba\u015fl\u0131\u011f\u0131 alt\u0131nda y\u00fcr\u00fct\u00fclmesi ve burada temel haklar\u0131n standart bi\u00e7imde i\u015fletilmemesi;<\/p>\n\n\n\n<p>-Yarg\u0131 ba\u011f\u0131ms\u0131zl\u0131\u011f\u0131, makul \u015f\u00fcphe, bireyselle\u015ftirilmi\u015f su\u00e7lama, delil a\u00e7\u0131kl\u0131\u011f\u0131 ve savunma hakk\u0131 gibi hukuk devleti standartlar\u0131n\u0131n sistematik olarak sorgulanmas\u0131;<\/p>\n\n\n\n<p>-Bu davalar\u0131n yaln\u0131zca bireysel hata de\u011fil, <strong>bir sistem problemi <\/strong>olarak okunmas\u0131. \u00d6rne\u011fin Demirhan karar\u0131nda mahkeme, bu durumun <strong>\u201cyayg\u0131n ve yap\u0131sal\u201d<\/strong> (\u201csystemic\u201d) bir sorun oldu\u011funu vurgulad\u0131.&nbsp;<\/p>\n\n\n\n<p><strong>2. Yarg\u0131 ba\u011f\u0131ms\u0131zl\u0131\u011f\u0131, siyasi y\u00f6nlendirme ve muhalif kimlik<\/strong><\/p>\n\n\n\n<p>Osman Kavala davas\u0131nda, yarg\u0131 s\u00fcre\u00e7lerinin siyasi akt\u00f6rlerin a\u00e7\u0131klamalar\u0131yla do\u011frudan ili\u015fkilendirilmesi s\u00f6z konusu oldu.<\/p>\n\n\n\n<p>Selahattin Demirta\u015f davas\u0131nda da muhalif bir siyaset\u00e7iye y\u00f6nelen ceza\u00ee s\u00fcrecin demokratik toplum standard\u0131 a\u00e7\u0131s\u0131ndan sorgulanabilirli\u011fi ortaya \u00e7\u0131kt\u0131.<\/p>\n\n\n\n<p>Demirhan davas\u0131nda ise ByLock kullan\u0131c\u0131lar\u0131n\u0131n b\u00fcy\u00fck \u00f6l\u00e7\u00fcde otomatik su\u00e7 \u00f6rg\u00fct\u00fc \u00fcyeli\u011fiyle ili\u015fkilendirilmesi, yarg\u0131 ba\u011f\u0131ms\u0131zl\u0131\u011f\u0131 ve su\u00e7un bireysel temelinin zay\u0131fl\u0131\u011f\u0131na dair ciddi kayg\u0131lar do\u011furdu.&nbsp;<\/p>\n\n\n\n<p><strong>3. Hukukun \u00f6ng\u00f6r\u00fclebilirli\u011fi, adil yarg\u0131lanma ve delil ilkeleri a\u00e7\u0131s\u0131ndan sorunlar<\/strong><\/p>\n\n\n\n<p>Yal\u00e7\u0131nkaya karar\u0131nda, ByLock kullan\u0131m\u0131n\u0131n tek ba\u015f\u0131na su\u00e7 \u00f6rg\u00fct\u00fc \u00fcyeli\u011fiyle e\u015fle\u015ftirilmesi hukukun \u00f6ng\u00f6r\u00fclebilirli\u011fi (m. 7) a\u00e7\u0131s\u0131ndan ihlal bulundu.<\/p>\n\n\n\n<p>Demirhan davas\u0131nda mahkeme bu gerek\u00e7eleri somutla\u015ft\u0131rd\u0131: \u201cT\u00fcrkiye\u2019de mahkemeler ByLock kullan\u0131m\u0131n\u0131 yeterli delil g\u00f6rm\u00fc\u015f, bireyselle\u015ftirilmi\u015f <strong>su\u00e7un unsur ve kast\u0131n\u0131 g\u00f6sterme y\u00fck\u00fcn\u00fc yerine getirmemi\u015ftir.<\/strong>\u201d&nbsp;<\/p>\n\n\n\n<p>Bu, yaln\u0131zca tek bir davaya \u00f6zg\u00fc de\u011fil; A\u0130HM, binlerce benzer ba\u015fvuru i\u00e7in T\u00fcrkiye\u2019yi bilgilendirmi\u015f durumda.&nbsp;<\/p>\n\n\n\n<p><strong>4. Uluslararas\u0131 y\u00fck\u00fcml\u00fcl\u00fcklerin uygulanmamas\u0131 ve bundan do\u011fan g\u00fcvensizlik<\/strong><\/p>\n\n\n\n<p>Yukar\u0131daki davalarda, T\u00fcrkiye\u2019nin A\u0130HS\u2019e (Avrupa \u0130nsan Haklar\u0131 S\u00f6zle\u015fmesi) ba\u011fl\u0131l\u0131\u011f\u0131 ve A\u0130HM kararlar\u0131n\u0131n uygulanmas\u0131 ba\u011flam\u0131nda ciddi eksiklikler s\u00f6z konusu.<\/p>\n\n\n\n<p>Demirhan karar\u0131nda mahkeme, T\u00fcrkiye\u2019nin benzer ihlal durumlar\u0131n\u0131 \u00e7\u00f6zme y\u00f6n\u00fcnde genel \u00f6nlemler almas\u0131 gerekti\u011fini vurgulam\u0131\u015f; dolay\u0131s\u0131yla bu sadece bireysel bir karar de\u011fil, yap\u0131sal reform \u00e7a\u011fr\u0131s\u0131 olarak da okunabilir.&nbsp;<\/p>\n\n\n\n<p><strong>Avrupa\u2019ya Verilen Mesaj: Hukuk Devleti Alarm Veriyor<\/strong><\/p>\n\n\n\n<p>A\u0130HM\u2019in son d\u00f6nem T\u00fcrkiye kararlar\u0131, Avrupa Konseyi a\u00e7\u0131s\u0131ndan T\u00fcrkiye\u2019ye dair \u201cuygulama a\u00e7\u0131\u011f\u0131\u201d raporlar\u0131n\u0131n y\u00f6n\u00fcn\u00fc etkiliyor.<\/p>\n\n\n\n<p>Demirhan davas\u0131, <strong>T\u00fcrkiye\u2019de ter\u00f6r su\u00e7lar\u0131 kapsam\u0131nda y\u00fcr\u00fct\u00fclen yarg\u0131lamalar\u0131n yaln\u0131zca bireysel de\u011fil toplu \u015fekilde hukuka ayk\u0131r\u0131 kriterlerle ger\u00e7ekle\u015ftirildi\u011fine i\u015faret ediyor.<\/strong> Bu, Avrupa kamuoyunda ve hukuk camias\u0131nda T\u00fcrkiye\u2019de hukukun \u00fcst\u00fcnl\u00fc\u011f\u00fc ilkesinin i\u00e7eri\u011fi ve g\u00fcvenirli\u011fi a\u00e7\u0131s\u0131ndan ciddi bir mesaj.<\/p>\n\n\n\n<p>Ayn\u0131 zamanda bu kararlar, T\u00fcrkiye\u2019nin A\u0130HS sistemine olan ba\u011fl\u0131l\u0131\u011f\u0131n\u0131n yaln\u0131zca formel de\u011fil fiili olarak da test edildi\u011fini g\u00f6steriyor.<\/p>\n\n\n\n<p><strong>M\u00fclteciler A\u00e7\u0131s\u0131ndan Ne Anlama Geliyor?<\/strong><\/p>\n\n\n\n<p>T\u00fcrkiye k\u00f6kenli m\u00fclteciler \u2013 \u00f6zellikle AB \u00fclkelerine s\u0131\u011f\u0131nm\u0131\u015f olanlar \u2013 i\u00e7in bu kararlar iki d\u00fczeyde anlam ta\u015f\u0131yor: hem bireysel hem de toplumsal\/b\u00f6lgesel d\u00fczeyde.<\/p>\n\n\n\n<p><strong>1. \u0130ltica veya m\u00fcltecilik ba\u015fvurular\u0131nda durum de\u011ferlendirmesi<\/strong><\/p>\n\n\n\n<p>Bu kararlar; ba\u015fvuran\u0131n, \u00fclkesinde siyasi y\u00f6neliminden dolay\u0131 ya da temel haklar\u0131n\u0131n sistematik bi\u00e7imde ihlal edilmesi riski nedeniyle korunma talep edilebilece\u011fine dair \u00f6nemli dayanaklar sunuyor.<\/p>\n\n\n\n<p>\u00d6rne\u011fin, Demirhan karar\u0131nda g\u00f6r\u00fcld\u00fc\u011f\u00fc gibi \u201cByLock kullan\u0131m\u0131\u201d gibi genel kriterlerle su\u00e7lama yap\u0131lmas\u0131 ve ki\u015fiye \u00f6zel delil incelemesinin yap\u0131lmamas\u0131, T\u00fcrkiye\u2019de hukukun \u00f6ng\u00f6r\u00fclebilirli\u011fi ve adil yarg\u0131lanma a\u00e7\u0131s\u0131ndan ciddi \u015f\u00fcphe do\u011furdu. Bu, iltica ba\u015fvurusu yapan bir bireyin <strong>\u201cgeri g\u00f6nderilme durumunda benzer bir sistemle kar\u015f\u0131la\u015fabilirim\u201d <\/strong>arg\u00fcman\u0131n\u0131 g\u00fc\u00e7lendirir.<\/p>\n\n\n\n<p>Ayr\u0131ca, T\u00fcrkiye\u2019nin \u201cg\u00fcvenli \u00fclke\u201d olarak de\u011ferlendirilip de\u011ferlendirilemeyece\u011fi bak\u0131\u015f a\u00e7\u0131s\u0131ndan da bu kararlar \u00f6nem ta\u015f\u0131yor: <strong>T\u00fcrkiye\u2019de hukukun \u00fcst\u00fcnl\u00fc\u011f\u00fc ve yarg\u0131 ba\u011f\u0131ms\u0131zl\u0131\u011f\u0131 hususlar\u0131nda ciddi zaaflar bulunmas\u0131, \u201cg\u00fcvenli \u00fclke\u201d muhasebesini zorla\u015ft\u0131r\u0131yor.<\/strong><\/p>\n\n\n\n<p><strong>2. G\u00fcven ve beklenti a\u00e7\u0131s\u0131ndan mesaj<\/strong><\/p>\n\n\n\n<p>Bu kararlar m\u00fcltecilere \u015f\u00f6yle bir mesaj veriyor: <strong>\u201c\u00dclkende temel haklar\u0131n ve yarg\u0131 s\u00fcre\u00e7lerinin g\u00fcvenilirli\u011fi konusunda ciddi sorunlar var.\u201d<\/strong> Bu, m\u00fclteci birey i\u00e7in ge\u00e7mi\u015fte ya\u015fad\u0131\u011f\u0131 veya ya\u015fama ihtimali olan durumu hem hakl\u0131l\u0131\u011f\u0131 a\u00e7\u0131s\u0131ndan, hem de korunma talebi a\u00e7\u0131s\u0131ndan destekliyor.<\/p>\n\n\n\n<p>Ayn\u0131 zamanda, bu durum sivil toplum kurulu\u015flar\u0131, hukuk klinikleri ve m\u00fclteci destek a\u011flar\u0131 i\u00e7in de \u00f6nemli arg\u00fcmanlar sunuyor:<strong> \u201cT\u00fcrkiye\u2019de sistemik sorun var\u201d<\/strong> diyebilmek m\u00fclteci talepleri a\u00e7\u0131s\u0131ndan destekleyici olabilir.<\/p>\n\n\n\n<p><strong>3. Geri g\u00f6nderme riski (refoulement) ba\u011flam\u0131nda<\/strong><\/p>\n\n\n\n<p>T\u00fcrkiye\u2019ye geri g\u00f6nderilme riski de\u011ferlendirilirken, A\u0130HM kararlar\u0131 bir kriter h\u00e2line geliyor: \u00f6rne\u011fin Demirhan karar\u0131nda g\u00f6r\u00fcld\u00fc\u011f\u00fc gibi, T\u00fcrkiye\u2019de ter\u00f6r \u00f6rg\u00fct\u00fc \u00fcyeli\u011fi su\u00e7lamas\u0131nda adil yarg\u0131lanma standard\u0131n\u0131n ihlal edildi\u011fi y\u00f6n\u00fcnde karar var. Bu, geri g\u00f6nderilme yasa\u011f\u0131 kapsam\u0131nda<strong> \u201cgeri g\u00f6nderilme h\u00e2linde ciddi hak ihlali riski\u201d <\/strong>iddias\u0131n\u0131 g\u00fc\u00e7lendiriyor.<\/p>\n\n\n\n<p>Dolay\u0131s\u0131yla, <strong>T\u00fcrkiye k\u00f6kenli bir ki\u015fi AB \u00fclkelerindeki iltica ba\u015fvurusunda bulunuyorsa, bu t\u00fcr kararlar\u0131 arg\u00fcman olarak kullanmas\u0131 m\u00fcmk\u00fcnd\u00fcr.<\/strong><\/p>\n\n\n\n<p><strong>4. Dayan\u0131\u015fma, bilin\u00e7lendirme ve savunma a\u011f\u0131 a\u00e7\u0131s\u0131ndan<\/strong><\/p>\n\n\n\n<p>Bu kararlar y\u00fcksek profilli davalar \u00fczerinden dikkat \u00e7ekti\u011finden, T\u00fcrkiye k\u00f6kenli m\u00fclteciler aras\u0131nda bu t\u00fcr hukuki arka plan\u0131n fark\u0131ndal\u0131\u011f\u0131 artabilir <strong>&nbsp;\u201cbenzer durumda olan \u00e7ok say\u0131da ki\u015fi var\u201d<\/strong> alg\u0131s\u0131 g\u00fc\u00e7lenir.<\/p>\n\n\n\n<p>Hukuk klinikleri ve m\u00fclteci destek kurulu\u015flar\u0131 i\u00e7in de bu kararlar, bilgilendirme materyali, savunma stratejisi ve risk analiz raporlar\u0131 a\u00e7\u0131s\u0131ndan g\u00fc\u00e7l\u00fc kaynaklar sunar.<\/p>\n\n\n\n<p><strong>Sonu\u00e7: Avrupa \u0130nsan Haklar\u0131 Hukuku Bir Barometre Gibi<\/strong><\/p>\n\n\n\n<p>A\u0130HM\u2019in son y\u0131llarda T\u00fcrkiye\u2019ye ili\u015fkin verdi\u011fi kararlar sadece yarg\u0131sal s\u00fcre\u00e7lerin bir yans\u0131mas\u0131 de\u011fil; ayn\u0131 zamanda T\u00fcrkiye\u2019nin demokrasi ikliminin, hukuk devleti i\u015fleyi\u015finin barometresi niteli\u011fi ta\u015f\u0131yor.<\/p>\n\n\n\n<p>Bu kararlar bize \u015fu mesaj\u0131 veriyor:<\/p>\n\n\n\n<p><strong>\u0130fade \u00f6zg\u00fcrl\u00fc\u011f\u00fc, muhalefette olma hakk\u0131, adil yarg\u0131lanma gibi temel ilkeler, siyasi atmosferin g\u00f6lgesinde zay\u0131fl\u0131yor.<\/strong><\/p>\n\n\n\n<p>T\u00fcrkiye\u2019de yarg\u0131 sisteminin, \u00f6zellikle ter\u00f6rle m\u00fccadele ba\u015fl\u0131\u011f\u0131 alt\u0131nda y\u00fcr\u00fct\u00fclen dava s\u00fcre\u00e7lerinin, radar d\u0131\u015f\u0131nda kalmamas\u0131 gereken ciddi hak ihlali riski ta\u015f\u0131d\u0131\u011f\u0131 y\u00f6n\u00fcnde sinyaller var.<\/p>\n\n\n\n<p><strong>Avrupa\u2019da ya\u015fayan T\u00fcrkiye k\u00f6kenli m\u00fclteciler i\u00e7in bu ba\u011flamda \u00fc\u00e7 \u015fey \u00f6ne \u00e7\u0131k\u0131yor: ge\u00e7mi\u015fteki ya\u015fant\u0131lar\u0131n\u0131n me\u015fruiyeti; korunma taleplerinde g\u00fc\u00e7l\u00fc bir hukuk\u00ee dayanak; ve gelece\u011fe dair g\u00fcvenli bir ortam beklentisi a\u00e7\u0131s\u0131ndan sorgulama alan\u0131.<\/strong><\/p>\n\n\n\n<p><strong>Son S\u00f6z<\/strong><\/p>\n\n\n\n<p>A\u0130HM\u2019in son d\u00f6nem T\u00fcrkiye kararlar\u0131 <strong>\u201c ADALET ulusal s\u0131n\u0131rlar\u0131 a\u015fan\u201d<\/strong> bir mesele oldu\u011funu hat\u0131rlat\u0131yor. Bu kararlar hem T\u00fcrkiye\u2019de insan haklar\u0131 savunucular\u0131na hem de Avrupa\u2019da bulunan T\u00fcrkiye k\u00f6kenli m\u00fcltecilere ayn\u0131 mesaj\u0131 veriyor:<\/p>\n\n\n\n<p><strong>\u201cAdaletin gecikmesi, onu arayanlar\u0131n sesini susturamaz.\u201d<\/strong><\/p>\n\n\n\n<p>Sayg\u0131lar\u0131mla&nbsp;<\/p>\n\n\n\n<p><strong>Av.H.H\u00fcseyin TANRIVERD\u0130<\/strong><\/p>\n","protected":false},"excerpt":{"rendered":"<p>Giri\u015f: Avrupa\u2019n\u0131n Aynas\u0131nda T\u00fcrkiye Avrupa \u0130nsan Haklar\u0131 Mahkemesi (A\u0130HM), T\u00fcrkiye\u2019ye y\u00f6nelik olarak son y\u0131llarda verdi\u011fi kararlarla hukuk devleti ve temel<\/p>\n","protected":false},"author":1,"featured_media":17497,"comment_status":"open","ping_status":"open","sticky":false,"template":"","format":"standard","meta":{"_coblocks_attr":"","_coblocks_dimensions":"","_coblocks_responsive_height":"","_coblocks_accordion_ie_support":"","footnotes":""},"categories":[88],"tags":[],"class_list":["post-17498","post","type-post","status-publish","format-standard","has-post-thumbnail","hentry","category-haberler"],"_links":{"self":[{"href":"https:\/\/avukathht.com\/tr\/wp-json\/wp\/v2\/posts\/17498","targetHints":{"allow":["GET"]}}],"collection":[{"href":"https:\/\/avukathht.com\/tr\/wp-json\/wp\/v2\/posts"}],"about":[{"href":"https:\/\/avukathht.com\/tr\/wp-json\/wp\/v2\/types\/post"}],"author":[{"embeddable":true,"href":"https:\/\/avukathht.com\/tr\/wp-json\/wp\/v2\/users\/1"}],"replies":[{"embeddable":true,"href":"https:\/\/avukathht.com\/tr\/wp-json\/wp\/v2\/comments?post=17498"}],"version-history":[{"count":1,"href":"https:\/\/avukathht.com\/tr\/wp-json\/wp\/v2\/posts\/17498\/revisions"}],"predecessor-version":[{"id":17499,"href":"https:\/\/avukathht.com\/tr\/wp-json\/wp\/v2\/posts\/17498\/revisions\/17499"}],"wp:featuredmedia":[{"embeddable":true,"href":"https:\/\/avukathht.com\/tr\/wp-json\/wp\/v2\/media\/17497"}],"wp:attachment":[{"href":"https:\/\/avukathht.com\/tr\/wp-json\/wp\/v2\/media?parent=17498"}],"wp:term":[{"taxonomy":"category","embeddable":true,"href":"https:\/\/avukathht.com\/tr\/wp-json\/wp\/v2\/categories?post=17498"},{"taxonomy":"post_tag","embeddable":true,"href":"https:\/\/avukathht.com\/tr\/wp-json\/wp\/v2\/tags?post=17498"}],"curies":[{"name":"wp","href":"https:\/\/api.w.org\/{rel}","templated":true}]}}