{"id":17573,"date":"2026-04-22T15:29:48","date_gmt":"2026-04-22T15:29:48","guid":{"rendered":"https:\/\/avukathht.com\/?p=17573"},"modified":"2026-04-22T15:33:56","modified_gmt":"2026-04-22T15:33:56","slug":"gocun-sessiz-yikimi-ve-umut","status":"publish","type":"post","link":"https:\/\/avukathht.com\/tr\/2026\/04\/gocun-sessiz-yikimi-ve-umut\/","title":{"rendered":"G\u00d6\u00c7\u00dcN SESS\u0130Z YIKIMI VE UMUT\u00a0"},"content":{"rendered":"\n<p class=\"wp-block-wd-paragraph wd-7317a277\"><strong>\u00a0Kaybolan Duygular ve Yeniden Hat\u0131rlanan De\u011ferler<\/strong><\/p>\n\n\n\n<p class=\"wp-block-wd-paragraph wd-1f442042\">Son on y\u0131lda T\u00fcrkiye\u2019de ya\u015fanan hukuki sorunlar ve siyasi belirsizlikler, on binlerce insan\u0131 \u00fclkelerini terk etmeye zorlad\u0131. Bug\u00fcn bu insanlar d\u00fcnyan\u0131n farkl\u0131 \u00fclkelerinde yeni bir hayat kurmaya \u00e7al\u0131\u015f\u0131yor.<\/p>\n\n\n\n<p class=\"wp-block-wd-paragraph wd-29edb801\">Kendisi de g\u00f6\u00e7 etmek zorunda kalan\u00a0 bir g\u00f6\u00e7men hukuku uzman\u0131 olarak bu s\u00fcre\u00e7te say\u0131s\u0131z insan\u0131n dosyas\u0131n\u0131 inceledim, hik\u00e2yesini dinledim ve zamanla fark etti\u011fim \u00f6nemli bir ger\u00e7ek var:<\/p>\n\n\n\n<p class=\"wp-block-wd-paragraph wd-a005d137\">G\u00f6\u00e7\u00fcn en b\u00fcy\u00fck y\u0131k\u0131m\u0131, \u00e7o\u011fu zaman hukuki de\u011fil, duygusald\u0131r.<\/p>\n\n\n\n<p class=\"wp-block-wd-paragraph wd-9ad581b1\"><strong>Duygusal E\u015fiklerin Kayb\u0131<\/strong><\/p>\n\n\n\n<p class=\"wp-block-wd-paragraph wd-7cebcf11\">G\u00f6\u00e7 etmek zorunda kalan bir\u00e7ok insan, zamanla duygusal dengesini farkl\u0131 bir noktaya ta\u015f\u0131yor. Art\u0131k neye ne kadar sevineceklerini, neye ne kadar \u00fcz\u00fcleceklerini tam olarak hissedemiyorlar.<\/p>\n\n\n\n<p class=\"wp-block-wd-paragraph wd-e1d6a25f\">Eskiden b\u00fcy\u00fck bir mutluluk kayna\u011f\u0131 olan geli\u015fmeler, art\u0131k s\u0131radan geliyor.<\/p>\n\n\n\n<p class=\"wp-block-wd-paragraph wd-a1f21e91\">Ya da k\u00fc\u00e7\u00fck bir sorun, beklenmedik derecede a\u011f\u0131r bir y\u00fck haline gelebiliyor.<\/p>\n\n\n\n<p class=\"wp-block-wd-paragraph wd-4108d0ba\">Bu durum tesad\u00fcf de\u011fil.<\/p>\n\n\n\n<p class=\"wp-block-wd-paragraph wd-8829a309\">Uzun s\u00fcren belirsizlik, travma, stat\u00fc kayg\u0131s\u0131 ve gelece\u011fe dair kontrol kayb\u0131, insan\u0131n i\u00e7 d\u00fcnyas\u0131nda ciddi bir a\u015f\u0131nmaya yol a\u00e7\u0131yor.<\/p>\n\n\n\n<p class=\"wp-block-wd-paragraph wd-4d767df8\"><strong>Kalabal\u0131k \u0130\u00e7inde Yaln\u0131zl\u0131k<\/strong><\/p>\n\n\n\n<p class=\"wp-block-wd-paragraph wd-547d7425\">G\u00f6\u00e7menlerin ya\u015fad\u0131\u011f\u0131 bir di\u011fer derin sorun ise kendini de\u011fersiz hissederek <strong>yaln\u0131zl\u0131k<\/strong>.<\/p>\n\n\n\n<p class=\"wp-block-wd-paragraph wd-ff6d454a\">Yeni bir \u00fclke, yeni bir dil, yeni bir sistem\u2026<\/p>\n\n\n\n<p class=\"wp-block-wd-paragraph wd-4c331c61\">Ama eski hayat yok.<\/p>\n\n\n\n<p class=\"wp-block-wd-paragraph wd-2ff3531a\">Al\u0131\u015fkanl\u0131klar yok.<\/p>\n\n\n\n<p class=\"wp-block-wd-paragraph wd-a8101faa\">Aidiyet duygusu yok.<\/p>\n\n\n\n<p class=\"wp-block-wd-paragraph wd-1dee6054\">\u0130nsanlar \u00e7o\u011fu zaman kalabal\u0131k \u015fehirlerde ya\u015f\u0131yor ama i\u00e7sel olarak izole kal\u0131yorlar.Kendilerini ne tamamen ge\u00e7mi\u015fe ait hissediyorlar\u00a0 ne de tam anlam\u0131yla bulunduklar\u0131 yere.<\/p>\n\n\n\n<p class=\"wp-block-wd-paragraph wd-846ff5e9\">Bu \u201c<strong>arada kalm\u0131\u015fl\u0131k<\/strong>\u201d hali, zamanla sessiz ama derin bir y\u0131pranmaya , kendini de\u011fersiz hissetmeye ve yanl\u0131zl\u0131\u011fa d\u00f6n\u00fc\u015f\u00fcyor.<\/p>\n\n\n\n<p class=\"wp-block-wd-paragraph wd-fbc306b2\"><strong>Asl\u0131nda Neyimiz Var?<\/strong><\/p>\n\n\n\n<p class=\"wp-block-wd-paragraph wd-181df962\">T\u00fcm bu tabloyu uzun s\u00fcre g\u00f6zlemledikten sonra vard\u0131\u011f\u0131m \u00e7ok net bir kanaat var:<\/p>\n\n\n\n<p class=\"wp-block-wd-paragraph wd-6ea5df0f\">Barda\u011f\u0131n bo\u015f taraf\u0131nda\u00a0 t\u00fcm bu olumsuz ruh hali olsa da baz\u0131 temel \u015feylere sahipseniz, d\u00fc\u015f\u00fcnd\u00fc\u011f\u00fcn\u00fczden \u00e7ok daha iyi bir noktadas\u0131n\u0131z.<\/p>\n\n\n\n<p class=\"wp-block-wd-paragraph wd-5efb5e9e\"><strong>E\u011fer sa\u011fl\u0131kl\u0131 iseniz ve huzurlu bir aile hayat\u0131n\u0131z varsa\u2026<\/strong><\/p>\n\n\n\n<p class=\"wp-block-wd-paragraph wd-cc148c0f\"><strong>E\u015finizle sa\u011fl\u0131kl\u0131 bir ili\u015fkiniz, \u00e7ocuklar\u0131n\u0131zla s\u0131cak bir ba\u011f\u0131n\u0131z varsa\u2026<\/strong><\/p>\n\n\n\n<p class=\"wp-block-wd-paragraph wd-4fdd755e\"><strong>E\u011fer ba\u015f\u0131n\u0131z\u0131 sokacak bir eviniz varsa\u2026<\/strong><\/p>\n\n\n\n<p class=\"wp-block-wd-paragraph wd-f3ff4bbf\"><strong>Kap\u0131n\u0131z\u0131 kapatt\u0131\u011f\u0131n\u0131zda kendinizi g\u00fcvende hissedebiliyorsan\u0131z\u2026<\/strong><\/p>\n\n\n\n<p class=\"wp-block-wd-paragraph wd-f87c4cd3\"><strong>E\u011fer az da olsa ge\u00e7iminizi sa\u011flayabilece\u011finiz bir i\u015finiz varsa\u2026<\/strong><\/p>\n\n\n\n<p class=\"wp-block-wd-paragraph wd-86e008c5\"><strong>Ve e\u011fer g\u00fcvenli bir yerde ya\u015f\u0131yorsan\u0131z\u2026<\/strong><\/p>\n\n\n\n<p class=\"wp-block-wd-paragraph wd-0f637e30\"><strong>Geceleri korkmadan uyuyabiliyorsan\u0131z\u2026<\/strong><\/p>\n\n\n\n<p class=\"wp-block-wd-paragraph wd-49de89f3\">Asl\u0131nda hayat\u0131n en temel s\u00fctunlar\u0131na ve kazan\u0131mlar\u0131na sahipsiniz.<\/p>\n\n\n\n<p class=\"wp-block-wd-paragraph wd-cf32b2ac\">S\u00fcre\u00e7te y\u0131pranm\u0131\u015f olsan\u0131z da de\u011fersiz ve yaln\u0131z de\u011filsiniz.\u00a0<\/p>\n\n\n\n<p class=\"wp-block-wd-paragraph wd-daec8955\"><strong>Eksik Olan\u0131n G\u00f6lgesi<\/strong><\/p>\n\n\n\n<p class=\"wp-block-wd-paragraph wd-d4e19d4a\">Ancak bu noktada kritik bir denge var.<\/p>\n\n\n\n<p class=\"wp-block-wd-paragraph wd-c3e0b3e9\">Bu unsurlar\u0131n her biri tek ba\u015f\u0131na de\u011ferli olsa da, birindeki eksiklik di\u011ferlerinin de anlam\u0131n\u0131 zay\u0131flat\u0131yor.<\/p>\n\n\n\n<p class=\"wp-block-wd-paragraph wd-6d436772\">G\u00fcven yoksa huzur eksik kal\u0131yor.<\/p>\n\n\n\n<p class=\"wp-block-wd-paragraph wd-d9acf6dc\">Aile yoksa ba\u015far\u0131 anlams\u0131zla\u015f\u0131yor.<\/p>\n\n\n\n<p class=\"wp-block-wd-paragraph wd-62a5e154\">Sa\u011fl\u0131k yoksa hi\u00e7bir \u015feyin tad\u0131 tam \u00e7\u0131km\u0131yor.<\/p>\n\n\n\n<p class=\"wp-block-wd-paragraph wd-de48b029\">Bu y\u00fczden g\u00f6\u00e7 s\u00fcrecinde ya\u015fanan kay\u0131plar sadece maddi ya da hukuki de\u011fildir.<\/p>\n\n\n\n<p class=\"wp-block-wd-paragraph wd-cb71f22b\">\u0130nsan, bazen sahip olduklar\u0131n\u0131n de\u011ferini de yava\u015f yava\u015f kaybediyor.\u00a0<\/p>\n\n\n\n<p class=\"wp-block-wd-paragraph wd-0646d87e\"><strong>Yeniden Denge Kurmak<\/strong><\/p>\n\n\n\n<p class=\"wp-block-wd-paragraph wd-982965bd\">Bu zorlu s\u00fcre\u00e7te anne ve babas\u0131n\u0131 kaybeden biri olarak anlad\u0131m ki,\u00a0 en kritik nokta;\u00a0 fark\u0131ndal\u0131\u011f\u0131 yeniden kazanmakt\u0131r.<\/p>\n\n\n\n<p class=\"wp-block-wd-paragraph wd-889e0ec2\">Her \u015fey yolunda olmasa bile,<\/p>\n\n\n\n<p class=\"wp-block-wd-paragraph wd-e197849a\">her \u015fey k\u00f6t\u00fc de de\u011fildir.<\/p>\n\n\n\n<p class=\"wp-block-wd-paragraph wd-f47e9942\">Belki de yap\u0131lmas\u0131 gereken \u015fey, b\u00fcy\u00fck hedeflerden \u00f6nce sa\u011fl\u0131kl\u0131 ya\u015fam,huzur, dirlik v.b\u00a0 hayati ger\u00e7ekleri yeniden hat\u0131rlamakt\u0131r.<\/p>\n\n\n\n<p class=\"wp-block-wd-paragraph wd-0259254f\">Bunlar s\u0131radan detaylar de\u011fil, hayat\u0131n temelidir.<\/p>\n\n\n\n<p class=\"wp-block-wd-paragraph wd-19c48786\">G\u00f6\u00e7, sadece bir yer de\u011fi\u015ftirme de\u011fildir.<\/p>\n\n\n\n<p class=\"wp-block-wd-paragraph wd-5ea9cf78\">Ayn\u0131 zamanda insan\u0131n i\u00e7 d\u00fcnyas\u0131nda derin bir d\u00f6n\u00fc\u015f\u00fcmd\u00fcr.<\/p>\n\n\n\n<p class=\"wp-block-wd-paragraph wd-1913d2d8\">Ama bu d\u00f6n\u00fc\u015f\u00fcm\u00fcn i\u00e7inde kaybolmamak da m\u00fcmk\u00fcnd\u00fcr.\u00a0<\/p>\n\n\n\n<p class=\"wp-block-wd-paragraph wd-ae2a1c9b\">Bazen mutluluk, yeni bir \u015fey kazanmaktan de\u011fil,hala kaybetmediklerimizi fark etmekten ge\u00e7er.<\/p>\n\n\n\n<p class=\"wp-block-wd-paragraph wd-3a3384d9\">Bundan sonras\u0131 ise sab\u0131r ve gayrete kalacakt\u0131r.\u00a0<\/p>\n\n\n\n<p class=\"wp-block-wd-paragraph wd-95d47587\">Unutmamak gerekir ki ; <strong>kader gayrete a\u015f\u0131kt\u0131r.\u00a0<\/strong><\/p>\n\n\n\n<p class=\"wp-block-wd-paragraph wd-ec2449bb\">Son s\u00f6z usta \u015fairimiz Mehmet Akif\u2019in olsun ;<\/p>\n\n\n\n<p class=\"wp-block-wd-paragraph wd-164c8b82\"><strong>\u00dcmitsizlik \u00f6yle bir batakt\u0131r ki d\u00fc\u015fersen bo\u011fulursun,<\/strong><\/p>\n\n\n\n<p class=\"wp-block-wd-paragraph wd-f919d3f2\"><strong>Azme s\u0131ms\u0131k\u0131 sar\u0131l bak ne olursun!\u00a0<\/strong><\/p>\n\n\n\n<p class=\"wp-block-wd-paragraph wd-85b47d6a\">Vesselam\u2026<\/p>\n\n\n\n<p class=\"wp-block-wd-paragraph wd-0b0c0102\"><strong>Av.H.H\u00fcseyin TANRIVERD\u0130<\/strong><\/p>\n","protected":false},"excerpt":{"rendered":"","protected":false},"author":1,"featured_media":17574,"comment_status":"open","ping_status":"open","sticky":false,"template":"","format":"standard","meta":{"_coblocks_attr":"","_coblocks_dimensions":"","_coblocks_responsive_height":"","_coblocks_accordion_ie_support":"","footnotes":""},"categories":[1],"tags":[],"class_list":["post-17573","post","type-post","status-publish","format-standard","has-post-thumbnail","hentry","category-uncategorized"],"_links":{"self":[{"href":"https:\/\/avukathht.com\/tr\/wp-json\/wp\/v2\/posts\/17573","targetHints":{"allow":["GET"]}}],"collection":[{"href":"https:\/\/avukathht.com\/tr\/wp-json\/wp\/v2\/posts"}],"about":[{"href":"https:\/\/avukathht.com\/tr\/wp-json\/wp\/v2\/types\/post"}],"author":[{"embeddable":true,"href":"https:\/\/avukathht.com\/tr\/wp-json\/wp\/v2\/users\/1"}],"replies":[{"embeddable":true,"href":"https:\/\/avukathht.com\/tr\/wp-json\/wp\/v2\/comments?post=17573"}],"version-history":[{"count":1,"href":"https:\/\/avukathht.com\/tr\/wp-json\/wp\/v2\/posts\/17573\/revisions"}],"predecessor-version":[{"id":17575,"href":"https:\/\/avukathht.com\/tr\/wp-json\/wp\/v2\/posts\/17573\/revisions\/17575"}],"wp:featuredmedia":[{"embeddable":true,"href":"https:\/\/avukathht.com\/tr\/wp-json\/wp\/v2\/media\/17574"}],"wp:attachment":[{"href":"https:\/\/avukathht.com\/tr\/wp-json\/wp\/v2\/media?parent=17573"}],"wp:term":[{"taxonomy":"category","embeddable":true,"href":"https:\/\/avukathht.com\/tr\/wp-json\/wp\/v2\/categories?post=17573"},{"taxonomy":"post_tag","embeddable":true,"href":"https:\/\/avukathht.com\/tr\/wp-json\/wp\/v2\/tags?post=17573"}],"curies":[{"name":"wp","href":"https:\/\/api.w.org\/{rel}","templated":true}]}}